{"id":1355,"date":"2024-06-27T10:02:46","date_gmt":"2024-06-27T10:02:46","guid":{"rendered":"https:\/\/www.recicladoslared.es\/?p=1355"},"modified":"2024-06-27T10:02:46","modified_gmt":"2024-06-27T10:02:46","slug":"impacto-sostenible-nuestra-participacion-en-plastics-recycling-show-europe-2024","status":"publish","type":"post","link":"https:\/\/www.recicladoslared.es\/index.php\/impacto-sostenible-nuestra-participacion-en-plastics-recycling-show-europe-2024\/","title":{"rendered":"Impacto Sostenible: Nuestra Participaci\u00f3n en Plastics Recycling Show Europe 2024"},"content":{"rendered":"<p>Como empresa dedicada al reciclaje de pl\u00e1sticos y la venta de pl\u00e1stico reciclado, es nuestra responsabilidad contribuir activamente a la evoluci\u00f3n constante de nuestro sector. Recientemente tuvimos la oportunidad de hacerlo a gran escala, participando en la <strong>Plastics Recycling Show Europe (PRS Europe 2024)<\/strong>, el evento m\u00e1s grande dedicado al reciclaje de pl\u00e1sticos en Europa, junto a <a href=\"https:\/\/www.veolia.com\/en\"><strong>Veolia<\/strong><\/a> y <a href=\"https:\/\/www.plastiloop.veolia.com\/\"><strong>PlastiLoop<\/strong><\/a>.<\/p>\n<p>Nos enorgullece informar que este a\u00f1o, PRS Europe ha batido r\u00e9cords de visitantes y expositores, lo que constituye un gran \u00e9xito para nosotros. As\u00ed, no solo pudimos reunirnos con nuestros clientes y proveedores existentes, sino tambi\u00e9n interactuar con posibles prospectos.<\/p>\n<p>PRS Europe 2024 promete ser a\u00fan m\u00e1s grande y mejor, esperando un n\u00famero r\u00e9cord de visitantes de todo el mundo en las pr\u00f3ximas ediciones.<\/p>\n\n\t\t<style type=\"text\/css\">\n\t\t\t#gallery-1 {\n\t\t\t\tmargin: auto;\n\t\t\t}\n\t\t\t#gallery-1 .gallery-item {\n\t\t\t\tfloat: left;\n\t\t\t\tmargin-top: 10px;\n\t\t\t\ttext-align: center;\n\t\t\t\twidth: 50%;\n\t\t\t}\n\t\t\t#gallery-1 img {\n\t\t\t\tborder: 2px solid #cfcfcf;\n\t\t\t}\n\t\t\t#gallery-1 .gallery-caption {\n\t\t\t\tmargin-left: 0;\n\t\t\t}\n\t\t\t\/* see gallery_shortcode() in wp-includes\/media.php *\/\n\t\t<\/style>\n\t\t<div id='gallery-1' class='gallery galleryid-1355 gallery-columns-2 gallery-size-large'><dl class='gallery-item'>\n\t\t\t<dt class='gallery-icon landscape'>\n\t\t\t\t<a href='https:\/\/www.recicladoslared.es\/index.php\/impacto-sostenible-nuestra-participacion-en-plastics-recycling-show-europe-2024\/whatsapp-image-2024-06-20-at-16-03-47-5\/'><img loading=\"lazy\" decoding=\"async\" width=\"1024\" height=\"768\" src=\"https:\/\/www.recicladoslared.es\/wp-content\/uploads\/2024\/06\/WhatsApp-Image-2024-06-20-at-16.03.47-5-1024x768.jpeg\" class=\"attachment-large size-large\" alt=\"\" srcset=\"https:\/\/www.recicladoslared.es\/wp-content\/uploads\/2024\/06\/WhatsApp-Image-2024-06-20-at-16.03.47-5-980x735.jpeg 980w, https:\/\/www.recicladoslared.es\/wp-content\/uploads\/2024\/06\/WhatsApp-Image-2024-06-20-at-16.03.47-5-480x360.jpeg 480w\" sizes=\"(min-width: 0px) and (max-width: 480px) 480px, (min-width: 481px) and (max-width: 980px) 980px, (min-width: 981px) 1024px, 100vw\" \/><\/a>\n\t\t\t<\/dt><\/dl><dl class='gallery-item'>\n\t\t\t<dt class='gallery-icon landscape'>\n\t\t\t\t<a href='https:\/\/www.recicladoslared.es\/index.php\/impacto-sostenible-nuestra-participacion-en-plastics-recycling-show-europe-2024\/whatsapp-image-2024-06-20-at-16-03-47-4\/'><img loading=\"lazy\" decoding=\"async\" width=\"1024\" height=\"768\" src=\"https:\/\/www.recicladoslared.es\/wp-content\/uploads\/2024\/06\/WhatsApp-Image-2024-06-20-at-16.03.47-4-1024x768.jpeg\" class=\"attachment-large size-large\" alt=\"\" srcset=\"https:\/\/www.recicladoslared.es\/wp-content\/uploads\/2024\/06\/WhatsApp-Image-2024-06-20-at-16.03.47-4-980x735.jpeg 980w, https:\/\/www.recicladoslared.es\/wp-content\/uploads\/2024\/06\/WhatsApp-Image-2024-06-20-at-16.03.47-4-480x360.jpeg 480w\" sizes=\"(min-width: 0px) and (max-width: 480px) 480px, (min-width: 481px) and (max-width: 980px) 980px, (min-width: 981px) 1024px, 100vw\" \/><\/a>\n\t\t\t<\/dt><\/dl><br style=\"clear: both\" \/><dl class='gallery-item'>\n\t\t\t<dt class='gallery-icon landscape'>\n\t\t\t\t<a href='https:\/\/www.recicladoslared.es\/index.php\/impacto-sostenible-nuestra-participacion-en-plastics-recycling-show-europe-2024\/whatsapp-image-2024-06-20-at-16-03-47-3\/'><img loading=\"lazy\" decoding=\"async\" width=\"1024\" height=\"768\" src=\"https:\/\/www.recicladoslared.es\/wp-content\/uploads\/2024\/06\/WhatsApp-Image-2024-06-20-at-16.03.47-3-1024x768.jpeg\" class=\"attachment-large size-large\" alt=\"\" srcset=\"https:\/\/www.recicladoslared.es\/wp-content\/uploads\/2024\/06\/WhatsApp-Image-2024-06-20-at-16.03.47-3-980x735.jpeg 980w, https:\/\/www.recicladoslared.es\/wp-content\/uploads\/2024\/06\/WhatsApp-Image-2024-06-20-at-16.03.47-3-480x360.jpeg 480w\" sizes=\"(min-width: 0px) and (max-width: 480px) 480px, (min-width: 481px) and (max-width: 980px) 980px, (min-width: 981px) 1024px, 100vw\" \/><\/a>\n\t\t\t<\/dt><\/dl><dl class='gallery-item'>\n\t\t\t<dt class='gallery-icon landscape'>\n\t\t\t\t<a href='https:\/\/www.recicladoslared.es\/index.php\/impacto-sostenible-nuestra-participacion-en-plastics-recycling-show-europe-2024\/whatsapp-image-2024-06-20-at-16-03-47-2\/'><img loading=\"lazy\" decoding=\"async\" width=\"1024\" height=\"768\" src=\"https:\/\/www.recicladoslared.es\/wp-content\/uploads\/2024\/06\/WhatsApp-Image-2024-06-20-at-16.03.47-2-1024x768.jpeg\" class=\"attachment-large size-large\" alt=\"\" srcset=\"https:\/\/www.recicladoslared.es\/wp-content\/uploads\/2024\/06\/WhatsApp-Image-2024-06-20-at-16.03.47-2-980x735.jpeg 980w, https:\/\/www.recicladoslared.es\/wp-content\/uploads\/2024\/06\/WhatsApp-Image-2024-06-20-at-16.03.47-2-480x360.jpeg 480w\" sizes=\"(min-width: 0px) and (max-width: 480px) 480px, (min-width: 481px) and (max-width: 980px) 980px, (min-width: 981px) 1024px, 100vw\" \/><\/a>\n\t\t\t<\/dt><\/dl><br style=\"clear: both\" \/>\n\t\t<\/div>\n\n<p>Es indiscutible que PRS Europe es un evento esencial para nuestra industria. Cada participante clave en la cadena de valor del reciclaje de pl\u00e1sticos se da cita aqu\u00ed, convirti\u00e9ndola en una plataforma ideal para explorar innovaciones t\u00e9cnicas, seguir avances comerciales y estar actualizado con la legislaci\u00f3n actual sobre la circularidad de los pl\u00e1sticos.<\/p>\n<p>Durante las conferencias que se llevaron a cabo, se abordaron temas fundamentales como el futuro del reciclaje de pl\u00e1sticos en Europa, an\u00e1lisis de mercados y pron\u00f3sticos, as\u00ed como un an\u00e1lisis profundo de la legislaci\u00f3n actual de la UE. Adem\u00e1s, se cubrieron estrategias para mejorar y armonizar la recolecci\u00f3n y clasificaci\u00f3n de pl\u00e1sticos, c\u00f3mo verificar la reciclabilidad y las medidas necesarias para alcanzar los objetivos de contenido reciclado.<\/p>\n<p>El Plastics Recycling Show Europe es un evento dise\u00f1ado especialmente para profesionales del reciclaje de pl\u00e1sticos. Re\u00fane a actores clave de la industria para mostrar tecnolog\u00eda innovadora, compartir mejores pr\u00e1cticas y crear oportunidades para establecer nuevos lazos comerciales. Desde nuestro punto de vista, nos enorgullece formar parte de este evento junto con proveedores de maquinaria y equipos de reciclaje, procesadores, empresas especialistas en gesti\u00f3n de residuos y asociaciones industriales.<\/p>\n<p>\u00a1Ya nos estamos preparando para la PRS E 2025!<\/p>\n","protected":false},"excerpt":{"rendered":"<p>Como empresa dedicada al reciclaje de pl\u00e1sticos y la venta de pl\u00e1stico reciclado, es nuestra responsabilidad contribuir activamente a la evoluci\u00f3n constante de nuestro sector. Recientemente tuvimos la oportunidad de hacerlo a gran escala, participando en la Plastics Recycling Show Europe (PRS Europe 2024), el evento m\u00e1s grande dedicado al reciclaje de pl\u00e1sticos en Europa, [&hellip;]<\/p>\n","protected":false},"author":2,"featured_media":1356,"comment_status":"closed","ping_status":"closed","sticky":false,"template":"","format":"standard","meta":{"_et_pb_use_builder":"","_et_pb_old_content":"","_et_gb_content_width":"","footnotes":""},"categories":[81],"tags":[62,92,90,64],"class_list":["post-1355","post","type-post","status-publish","format-standard","has-post-thumbnail","hentry","category-reciclaje","tag-plastico-reciclado","tag-plastics-recycling-show-europe","tag-prs-e-2024","tag-reciclaje-de-plastico"],"yoast_head":"<!-- This site is optimized with the Yoast SEO plugin v24.9 - https:\/\/yoast.com\/wordpress\/plugins\/seo\/ -->\n<title>Impacto Sostenible: Nuestra Participaci\u00f3n en Plastics Recycling Show Europe 2024 - Reciclados LA RED<\/title>\n<meta name=\"robots\" content=\"index, follow, max-snippet:-1, max-image-preview:large, max-video-preview:-1\" \/>\n<link rel=\"canonical\" href=\"https:\/\/www.recicladoslared.es\/index.php\/impacto-sostenible-nuestra-participacion-en-plastics-recycling-show-europe-2024\/\" \/>\n<meta property=\"og:locale\" content=\"es_ES\" \/>\n<meta property=\"og:type\" content=\"article\" \/>\n<meta property=\"og:title\" content=\"Impacto Sostenible: Nuestra Participaci\u00f3n en Plastics Recycling Show Europe 2024 - Reciclados LA RED\" \/>\n<meta property=\"og:description\" content=\"Como empresa dedicada al reciclaje de pl\u00e1sticos y la venta de pl\u00e1stico reciclado, es nuestra responsabilidad contribuir activamente a la evoluci\u00f3n constante de nuestro sector. Recientemente tuvimos la oportunidad de hacerlo a gran escala, participando en la Plastics Recycling Show Europe (PRS Europe 2024), el evento m\u00e1s grande dedicado al reciclaje de pl\u00e1sticos en Europa, [&hellip;]\" \/>\n<meta property=\"og:url\" content=\"https:\/\/www.recicladoslared.es\/index.php\/impacto-sostenible-nuestra-participacion-en-plastics-recycling-show-europe-2024\/\" \/>\n<meta property=\"og:site_name\" content=\"Reciclados LA RED\" \/>\n<meta property=\"article:publisher\" content=\"https:\/\/www.facebook.com\/recicladoslared\" \/>\n<meta property=\"article:published_time\" content=\"2024-06-27T10:02:46+00:00\" \/>\n<meta property=\"og:image\" content=\"https:\/\/www.recicladoslared.es\/wp-content\/uploads\/2024\/06\/WhatsApp-Image-2024-06-19-at-08.59.52-1.jpeg\" \/>\n\t<meta property=\"og:image:width\" content=\"2000\" \/>\n\t<meta property=\"og:image:height\" content=\"1500\" \/>\n\t<meta property=\"og:image:type\" content=\"image\/jpeg\" \/>\n<meta name=\"author\" content=\"webmasterMT\" \/>\n<meta name=\"twitter:card\" content=\"summary_large_image\" \/>\n<meta name=\"twitter:creator\" content=\"@RecicladosLaRed\" \/>\n<meta name=\"twitter:site\" content=\"@RecicladosLaRed\" \/>\n<meta name=\"twitter:label1\" content=\"Escrito por\" \/>\n\t<meta name=\"twitter:data1\" content=\"webmasterMT\" \/>\n\t<meta name=\"twitter:label2\" content=\"Tiempo de lectura\" \/>\n\t<meta name=\"twitter:data2\" content=\"2 minutos\" \/>\n<script type=\"application\/ld+json\" class=\"yoast-schema-graph\">{\"@context\":\"https:\/\/schema.org\",\"@graph\":[{\"@type\":\"Article\",\"@id\":\"https:\/\/www.recicladoslared.es\/index.php\/impacto-sostenible-nuestra-participacion-en-plastics-recycling-show-europe-2024\/#article\",\"isPartOf\":{\"@id\":\"https:\/\/www.recicladoslared.es\/index.php\/impacto-sostenible-nuestra-participacion-en-plastics-recycling-show-europe-2024\/\"},\"author\":{\"name\":\"webmasterMT\",\"@id\":\"https:\/\/www.recicladoslared.es\/#\/schema\/person\/d02916350ad909e72d0618f999f0048c\"},\"headline\":\"Impacto Sostenible: Nuestra Participaci\u00f3n en Plastics Recycling Show Europe 2024\",\"datePublished\":\"2024-06-27T10:02:46+00:00\",\"mainEntityOfPage\":{\"@id\":\"https:\/\/www.recicladoslared.es\/index.php\/impacto-sostenible-nuestra-participacion-en-plastics-recycling-show-europe-2024\/\"},\"wordCount\":368,\"publisher\":{\"@id\":\"https:\/\/www.recicladoslared.es\/#organization\"},\"image\":{\"@id\":\"https:\/\/www.recicladoslared.es\/index.php\/impacto-sostenible-nuestra-participacion-en-plastics-recycling-show-europe-2024\/#primaryimage\"},\"thumbnailUrl\":\"https:\/\/www.recicladoslared.es\/wp-content\/uploads\/2024\/06\/WhatsApp-Image-2024-06-19-at-08.59.52-1.jpeg\",\"keywords\":[\"pl\u00e1stico reciclado\",\"Plastics Recycling Show Europe\",\"PRS E 2024\",\"reciclaje de pl\u00e1stico\"],\"articleSection\":[\"Reciclaje\"],\"inLanguage\":\"es\"},{\"@type\":\"WebPage\",\"@id\":\"https:\/\/www.recicladoslared.es\/index.php\/impacto-sostenible-nuestra-participacion-en-plastics-recycling-show-europe-2024\/\",\"url\":\"https:\/\/www.recicladoslared.es\/index.php\/impacto-sostenible-nuestra-participacion-en-plastics-recycling-show-europe-2024\/\",\"name\":\"Impacto Sostenible: Nuestra Participaci\u00f3n en Plastics Recycling Show Europe 2024 - Reciclados LA RED\",\"isPartOf\":{\"@id\":\"https:\/\/www.recicladoslared.es\/#website\"},\"primaryImageOfPage\":{\"@id\":\"https:\/\/www.recicladoslared.es\/index.php\/impacto-sostenible-nuestra-participacion-en-plastics-recycling-show-europe-2024\/#primaryimage\"},\"image\":{\"@id\":\"https:\/\/www.recicladoslared.es\/index.php\/impacto-sostenible-nuestra-participacion-en-plastics-recycling-show-europe-2024\/#primaryimage\"},\"thumbnailUrl\":\"https:\/\/www.recicladoslared.es\/wp-content\/uploads\/2024\/06\/WhatsApp-Image-2024-06-19-at-08.59.52-1.jpeg\",\"datePublished\":\"2024-06-27T10:02:46+00:00\",\"breadcrumb\":{\"@id\":\"https:\/\/www.recicladoslared.es\/index.php\/impacto-sostenible-nuestra-participacion-en-plastics-recycling-show-europe-2024\/#breadcrumb\"},\"inLanguage\":\"es\",\"potentialAction\":[{\"@type\":\"ReadAction\",\"target\":[\"https:\/\/www.recicladoslared.es\/index.php\/impacto-sostenible-nuestra-participacion-en-plastics-recycling-show-europe-2024\/\"]}]},{\"@type\":\"ImageObject\",\"inLanguage\":\"es\",\"@id\":\"https:\/\/www.recicladoslared.es\/index.php\/impacto-sostenible-nuestra-participacion-en-plastics-recycling-show-europe-2024\/#primaryimage\",\"url\":\"https:\/\/www.recicladoslared.es\/wp-content\/uploads\/2024\/06\/WhatsApp-Image-2024-06-19-at-08.59.52-1.jpeg\",\"contentUrl\":\"https:\/\/www.recicladoslared.es\/wp-content\/uploads\/2024\/06\/WhatsApp-Image-2024-06-19-at-08.59.52-1.jpeg\",\"width\":2000,\"height\":1500,\"caption\":\"PRS E 2024 Veolia\"},{\"@type\":\"BreadcrumbList\",\"@id\":\"https:\/\/www.recicladoslared.es\/index.php\/impacto-sostenible-nuestra-participacion-en-plastics-recycling-show-europe-2024\/#breadcrumb\",\"itemListElement\":[{\"@type\":\"ListItem\",\"position\":1,\"name\":\"Portada\",\"item\":\"https:\/\/www.recicladoslared.es\/\"},{\"@type\":\"ListItem\",\"position\":2,\"name\":\"Impacto Sostenible: Nuestra Participaci\u00f3n en Plastics Recycling Show Europe 2024\"}]},{\"@type\":\"WebSite\",\"@id\":\"https:\/\/www.recicladoslared.es\/#website\",\"url\":\"https:\/\/www.recicladoslared.es\/\",\"name\":\"Reciclados La Red\",\"description\":\"Planta de reciclaje de pl\u00e1stico y venta de pl\u00e1stico reciclado\",\"publisher\":{\"@id\":\"https:\/\/www.recicladoslared.es\/#organization\"},\"potentialAction\":[{\"@type\":\"SearchAction\",\"target\":{\"@type\":\"EntryPoint\",\"urlTemplate\":\"https:\/\/www.recicladoslared.es\/?s={search_term_string}\"},\"query-input\":{\"@type\":\"PropertyValueSpecification\",\"valueRequired\":true,\"valueName\":\"search_term_string\"}}],\"inLanguage\":\"es\"},{\"@type\":\"Organization\",\"@id\":\"https:\/\/www.recicladoslared.es\/#organization\",\"name\":\"Reciclados La Red\",\"url\":\"https:\/\/www.recicladoslared.es\/\",\"logo\":{\"@type\":\"ImageObject\",\"inLanguage\":\"es\",\"@id\":\"https:\/\/www.recicladoslared.es\/#\/schema\/logo\/image\/\",\"url\":\"https:\/\/www.recicladoslared.es\/wp-content\/uploads\/2023\/05\/Logo-La-Red-Transpa-2.png\",\"contentUrl\":\"https:\/\/www.recicladoslared.es\/wp-content\/uploads\/2023\/05\/Logo-La-Red-Transpa-2.png\",\"width\":600,\"height\":400,\"caption\":\"Reciclados La Red\"},\"image\":{\"@id\":\"https:\/\/www.recicladoslared.es\/#\/schema\/logo\/image\/\"},\"sameAs\":[\"https:\/\/www.facebook.com\/recicladoslared\",\"https:\/\/x.com\/RecicladosLaRed\",\"https:\/\/es.linkedin.com\/company\/reciclados-la-red---reciclados-pl-sticos-serva\"]},{\"@type\":\"Person\",\"@id\":\"https:\/\/www.recicladoslared.es\/#\/schema\/person\/d02916350ad909e72d0618f999f0048c\",\"name\":\"webmasterMT\",\"url\":\"https:\/\/www.recicladoslared.es\/index.php\/author\/webmastermt\/\"}]}<\/script>\n<!-- \/ Yoast SEO plugin. -->","yoast_head_json":{"title":"Impacto Sostenible: Nuestra Participaci\u00f3n en Plastics Recycling Show Europe 2024 - Reciclados LA RED","robots":{"index":"index","follow":"follow","max-snippet":"max-snippet:-1","max-image-preview":"max-image-preview:large","max-video-preview":"max-video-preview:-1"},"canonical":"https:\/\/www.recicladoslared.es\/index.php\/impacto-sostenible-nuestra-participacion-en-plastics-recycling-show-europe-2024\/","og_locale":"es_ES","og_type":"article","og_title":"Impacto Sostenible: Nuestra Participaci\u00f3n en Plastics Recycling Show Europe 2024 - Reciclados LA RED","og_description":"Como empresa dedicada al reciclaje de pl\u00e1sticos y la venta de pl\u00e1stico reciclado, es nuestra responsabilidad contribuir activamente a la evoluci\u00f3n constante de nuestro sector. Recientemente tuvimos la oportunidad de hacerlo a gran escala, participando en la Plastics Recycling Show Europe (PRS Europe 2024), el evento m\u00e1s grande dedicado al reciclaje de pl\u00e1sticos en Europa, [&hellip;]","og_url":"https:\/\/www.recicladoslared.es\/index.php\/impacto-sostenible-nuestra-participacion-en-plastics-recycling-show-europe-2024\/","og_site_name":"Reciclados LA RED","article_publisher":"https:\/\/www.facebook.com\/recicladoslared","article_published_time":"2024-06-27T10:02:46+00:00","og_image":[{"width":2000,"height":1500,"url":"https:\/\/www.recicladoslared.es\/wp-content\/uploads\/2024\/06\/WhatsApp-Image-2024-06-19-at-08.59.52-1.jpeg","type":"image\/jpeg"}],"author":"webmasterMT","twitter_card":"summary_large_image","twitter_creator":"@RecicladosLaRed","twitter_site":"@RecicladosLaRed","twitter_misc":{"Escrito por":"webmasterMT","Tiempo de lectura":"2 minutos"},"schema":{"@context":"https:\/\/schema.org","@graph":[{"@type":"Article","@id":"https:\/\/www.recicladoslared.es\/index.php\/impacto-sostenible-nuestra-participacion-en-plastics-recycling-show-europe-2024\/#article","isPartOf":{"@id":"https:\/\/www.recicladoslared.es\/index.php\/impacto-sostenible-nuestra-participacion-en-plastics-recycling-show-europe-2024\/"},"author":{"name":"webmasterMT","@id":"https:\/\/www.recicladoslared.es\/#\/schema\/person\/d02916350ad909e72d0618f999f0048c"},"headline":"Impacto Sostenible: Nuestra Participaci\u00f3n en Plastics Recycling Show Europe 2024","datePublished":"2024-06-27T10:02:46+00:00","mainEntityOfPage":{"@id":"https:\/\/www.recicladoslared.es\/index.php\/impacto-sostenible-nuestra-participacion-en-plastics-recycling-show-europe-2024\/"},"wordCount":368,"publisher":{"@id":"https:\/\/www.recicladoslared.es\/#organization"},"image":{"@id":"https:\/\/www.recicladoslared.es\/index.php\/impacto-sostenible-nuestra-participacion-en-plastics-recycling-show-europe-2024\/#primaryimage"},"thumbnailUrl":"https:\/\/www.recicladoslared.es\/wp-content\/uploads\/2024\/06\/WhatsApp-Image-2024-06-19-at-08.59.52-1.jpeg","keywords":["pl\u00e1stico reciclado","Plastics Recycling Show Europe","PRS E 2024","reciclaje de pl\u00e1stico"],"articleSection":["Reciclaje"],"inLanguage":"es"},{"@type":"WebPage","@id":"https:\/\/www.recicladoslared.es\/index.php\/impacto-sostenible-nuestra-participacion-en-plastics-recycling-show-europe-2024\/","url":"https:\/\/www.recicladoslared.es\/index.php\/impacto-sostenible-nuestra-participacion-en-plastics-recycling-show-europe-2024\/","name":"Impacto Sostenible: Nuestra Participaci\u00f3n en Plastics Recycling Show Europe 2024 - Reciclados LA RED","isPartOf":{"@id":"https:\/\/www.recicladoslared.es\/#website"},"primaryImageOfPage":{"@id":"https:\/\/www.recicladoslared.es\/index.php\/impacto-sostenible-nuestra-participacion-en-plastics-recycling-show-europe-2024\/#primaryimage"},"image":{"@id":"https:\/\/www.recicladoslared.es\/index.php\/impacto-sostenible-nuestra-participacion-en-plastics-recycling-show-europe-2024\/#primaryimage"},"thumbnailUrl":"https:\/\/www.recicladoslared.es\/wp-content\/uploads\/2024\/06\/WhatsApp-Image-2024-06-19-at-08.59.52-1.jpeg","datePublished":"2024-06-27T10:02:46+00:00","breadcrumb":{"@id":"https:\/\/www.recicladoslared.es\/index.php\/impacto-sostenible-nuestra-participacion-en-plastics-recycling-show-europe-2024\/#breadcrumb"},"inLanguage":"es","potentialAction":[{"@type":"ReadAction","target":["https:\/\/www.recicladoslared.es\/index.php\/impacto-sostenible-nuestra-participacion-en-plastics-recycling-show-europe-2024\/"]}]},{"@type":"ImageObject","inLanguage":"es","@id":"https:\/\/www.recicladoslared.es\/index.php\/impacto-sostenible-nuestra-participacion-en-plastics-recycling-show-europe-2024\/#primaryimage","url":"https:\/\/www.recicladoslared.es\/wp-content\/uploads\/2024\/06\/WhatsApp-Image-2024-06-19-at-08.59.52-1.jpeg","contentUrl":"https:\/\/www.recicladoslared.es\/wp-content\/uploads\/2024\/06\/WhatsApp-Image-2024-06-19-at-08.59.52-1.jpeg","width":2000,"height":1500,"caption":"PRS E 2024 Veolia"},{"@type":"BreadcrumbList","@id":"https:\/\/www.recicladoslared.es\/index.php\/impacto-sostenible-nuestra-participacion-en-plastics-recycling-show-europe-2024\/#breadcrumb","itemListElement":[{"@type":"ListItem","position":1,"name":"Portada","item":"https:\/\/www.recicladoslared.es\/"},{"@type":"ListItem","position":2,"name":"Impacto Sostenible: Nuestra Participaci\u00f3n en Plastics Recycling Show Europe 2024"}]},{"@type":"WebSite","@id":"https:\/\/www.recicladoslared.es\/#website","url":"https:\/\/www.recicladoslared.es\/","name":"Reciclados La Red","description":"Planta de reciclaje de pl\u00e1stico y venta de pl\u00e1stico reciclado","publisher":{"@id":"https:\/\/www.recicladoslared.es\/#organization"},"potentialAction":[{"@type":"SearchAction","target":{"@type":"EntryPoint","urlTemplate":"https:\/\/www.recicladoslared.es\/?s={search_term_string}"},"query-input":{"@type":"PropertyValueSpecification","valueRequired":true,"valueName":"search_term_string"}}],"inLanguage":"es"},{"@type":"Organization","@id":"https:\/\/www.recicladoslared.es\/#organization","name":"Reciclados La Red","url":"https:\/\/www.recicladoslared.es\/","logo":{"@type":"ImageObject","inLanguage":"es","@id":"https:\/\/www.recicladoslared.es\/#\/schema\/logo\/image\/","url":"https:\/\/www.recicladoslared.es\/wp-content\/uploads\/2023\/05\/Logo-La-Red-Transpa-2.png","contentUrl":"https:\/\/www.recicladoslared.es\/wp-content\/uploads\/2023\/05\/Logo-La-Red-Transpa-2.png","width":600,"height":400,"caption":"Reciclados La Red"},"image":{"@id":"https:\/\/www.recicladoslared.es\/#\/schema\/logo\/image\/"},"sameAs":["https:\/\/www.facebook.com\/recicladoslared","https:\/\/x.com\/RecicladosLaRed","https:\/\/es.linkedin.com\/company\/reciclados-la-red---reciclados-pl-sticos-serva"]},{"@type":"Person","@id":"https:\/\/www.recicladoslared.es\/#\/schema\/person\/d02916350ad909e72d0618f999f0048c","name":"webmasterMT","url":"https:\/\/www.recicladoslared.es\/index.php\/author\/webmastermt\/"}]}},"_links":{"self":[{"href":"https:\/\/www.recicladoslared.es\/index.php\/wp-json\/wp\/v2\/posts\/1355","targetHints":{"allow":["GET"]}}],"collection":[{"href":"https:\/\/www.recicladoslared.es\/index.php\/wp-json\/wp\/v2\/posts"}],"about":[{"href":"https:\/\/www.recicladoslared.es\/index.php\/wp-json\/wp\/v2\/types\/post"}],"author":[{"embeddable":true,"href":"https:\/\/www.recicladoslared.es\/index.php\/wp-json\/wp\/v2\/users\/2"}],"replies":[{"embeddable":true,"href":"https:\/\/www.recicladoslared.es\/index.php\/wp-json\/wp\/v2\/comments?post=1355"}],"version-history":[{"count":1,"href":"https:\/\/www.recicladoslared.es\/index.php\/wp-json\/wp\/v2\/posts\/1355\/revisions"}],"predecessor-version":[{"id":1361,"href":"https:\/\/www.recicladoslared.es\/index.php\/wp-json\/wp\/v2\/posts\/1355\/revisions\/1361"}],"wp:featuredmedia":[{"embeddable":true,"href":"https:\/\/www.recicladoslared.es\/index.php\/wp-json\/wp\/v2\/media\/1356"}],"wp:attachment":[{"href":"https:\/\/www.recicladoslared.es\/index.php\/wp-json\/wp\/v2\/media?parent=1355"}],"wp:term":[{"taxonomy":"category","embeddable":true,"href":"https:\/\/www.recicladoslared.es\/index.php\/wp-json\/wp\/v2\/categories?post=1355"},{"taxonomy":"post_tag","embeddable":true,"href":"https:\/\/www.recicladoslared.es\/index.php\/wp-json\/wp\/v2\/tags?post=1355"}],"curies":[{"name":"wp","href":"https:\/\/api.w.org\/{rel}","templated":true}]}}