{"id":1380,"date":"2024-07-23T10:24:54","date_gmt":"2024-07-23T10:24:54","guid":{"rendered":"https:\/\/www.recicladoslared.es\/?p=1380"},"modified":"2025-02-12T10:20:35","modified_gmt":"2025-02-12T10:20:35","slug":"la-alcaldesa-de-alcala-de-guadaira-visita-nuestras-instalaciones-para-conocer-los-avances-en-proyectos-de-reciclaje-de-plastico","status":"publish","type":"post","link":"https:\/\/www.recicladoslared.es\/index.php\/la-alcaldesa-de-alcala-de-guadaira-visita-nuestras-instalaciones-para-conocer-los-avances-en-proyectos-de-reciclaje-de-plastico\/","title":{"rendered":"La Alcaldesa de Alcal\u00e1 de Guada\u00edra visita nuestras instalaciones para conocer los avances en proyectos de reciclaje de pl\u00e1stico"},"content":{"rendered":"<p>La Alcaldesa de Alcal\u00e1 de Guada\u00edra, Ana Isabel Jim\u00e9nez Contreras, realiz\u00f3 el pasado 17 de julio visit\u00f3 nuestras plantas de reciclaje de pl\u00e1stico. El prop\u00f3sito de la visita fue conocer de primera mano el proceso de reciclaje as\u00ed como los \u00faltimos avances y los nuevos proyectos que la empresa tiene en marcha ara contribuir al medio ambiente y a la econom\u00eda local.<\/p>\n<p>Durante la visita, Ana Isabel Jim\u00e9nez Contreras recorri\u00f3 las diferentes instalaciones que tiene Reciclados La Red by Veolia en Alcal\u00e1 de Guada\u00edra, donde Carmelo Justo, Director de desarrollo de negocios de la empresa, le explic\u00f3 todo el proceso de reciclaje de pl\u00e1stico desde que llega como un residuo sin valor hasta que sale como un material nuevo y de alta calidad listo para la fabricaci\u00f3n de diferentes productos. Tambi\u00e9n fue testigo de los recientes proyectos que se est\u00e1n llevando a cabo por la compa\u00f1\u00eda, como la introducci\u00f3n de tres nuevos silos que han aumentado significativamente la capacidad de homogeneizaci\u00f3n de la granza.<\/p>\n<p>Este desarrollo es parte del compromiso continuo de La Red by Veolia con la calidad y la satisfacci\u00f3n del cliente, asegurando que cada lote de material reciclado cumple con rigurosos par\u00e1metros de densidad, fluidez y humedad. \u201cQueremos destacar la inversi\u00f3n tecnol\u00f3gica que La Red by Veolia ha aplicado para mejorar sus procesos. Estas mejoras no solo est\u00e1n en l\u00ednea con las exigencias de nuestros socios comerciales, sino que tambi\u00e9n refuerzan nuestro compromiso con pr\u00e1cticas sostenibles y responsables,\u201d declar\u00f3 Carmelo Justo, quien acompa\u00f1\u00f3 a la Alcaldesa en su visita.<\/p>\n<p>Reciclados La Red by Veolia est\u00e1 a la vanguardia en la implementaci\u00f3n de sistemas que aseguran la trazabilidad y calidad del material reciclado, cumpliendo con la norma UNE 15343 y el Sistema Integrado de Gesti\u00f3n de ECOEMBES. Adem\u00e1s, se destac\u00f3 el innovador proyecto de econom\u00eda circular que implica la recuperaci\u00f3n y transporte de residuos pl\u00e1sticos de polietileno de baja densidad (PEBD) desde una gran empresa de distribuci\u00f3n. Esta iniciat<strong>i<\/strong>va no solo reduce el impacto ambiental, sino que tambi\u00e9n impulsa la reutilizaci\u00f3n de materiales en la producci\u00f3n de bolsas de compra para las mismas tiendas del cliente, cerrando el ciclo de uso del pl\u00e1stico.<\/p>\n<p>\u201cLa consolidaci\u00f3n de ciclos de econom\u00eda circular como este no so o es importante para nuestra comunidad, sino que tambi\u00e9n establece <strong>u<\/strong>n modelo a seguir en gesti\u00f3n ambientalmente responsable\u201d, a\u00f1adi\u00f3 Felipe Pardo, Director de Operaciones de La Red by Veolia, qui\u00e9n tambi\u00e9n estuvo presente en la visita.<\/p>\n<p>Reciclados La Red by Veolia contin\u00faa desempe\u00f1ando un papel crucial en el liderazgo ambiental, estableciendo nuevos est\u00e1ndares en el reciclaje y la reutilizaci\u00f3n de pl\u00e1sticos, y contribuyendo a un futuro m\u00e1s sostenible para todos.<\/p>\n<p>Gracias a la Alcaldesa Ana Isabel Jim\u00e9nez Contreras por su visita y su inter\u00e9s en nuestra labor. Juntos, avanzamos hacia un futuro de innovaci\u00f3n responsable y sustentabilidad ambiental.<\/p>\n\n\t\t<style type=\"text\/css\">\n\t\t\t#gallery-1 {\n\t\t\t\tmargin: auto;\n\t\t\t}\n\t\t\t#gallery-1 .gallery-item {\n\t\t\t\tfloat: left;\n\t\t\t\tmargin-top: 10px;\n\t\t\t\ttext-align: center;\n\t\t\t\twidth: 50%;\n\t\t\t}\n\t\t\t#gallery-1 img {\n\t\t\t\tborder: 2px solid #cfcfcf;\n\t\t\t}\n\t\t\t#gallery-1 .gallery-caption {\n\t\t\t\tmargin-left: 0;\n\t\t\t}\n\t\t\t\/* see gallery_shortcode() in wp-includes\/media.php *\/\n\t\t<\/style>\n\t\t<div id='gallery-1' class='gallery galleryid-1380 gallery-columns-2 gallery-size-large'><dl class='gallery-item'>\n\t\t\t<dt class='gallery-icon portrait'>\n\t\t\t\t<a href='https:\/\/www.recicladoslared.es\/index.php\/la-alcaldesa-de-alcala-de-guadaira-visita-nuestras-instalaciones-para-conocer-los-avances-en-proyectos-de-reciclaje-de-plastico\/img_6868\/'><img loading=\"lazy\" decoding=\"async\" width=\"768\" height=\"1024\" src=\"https:\/\/www.recicladoslared.es\/wp-content\/uploads\/2024\/07\/IMG_6868-768x1024.jpg\" class=\"attachment-large size-large\" alt=\"\" \/><\/a>\n\t\t\t<\/dt><\/dl><dl class='gallery-item'>\n\t\t\t<dt class='gallery-icon portrait'>\n\t\t\t\t<a href='https:\/\/www.recicladoslared.es\/index.php\/la-alcaldesa-de-alcala-de-guadaira-visita-nuestras-instalaciones-para-conocer-los-avances-en-proyectos-de-reciclaje-de-plastico\/img_6906\/'><img loading=\"lazy\" decoding=\"async\" width=\"768\" height=\"1024\" src=\"https:\/\/www.recicladoslared.es\/wp-content\/uploads\/2024\/07\/IMG_6906-768x1024.jpg\" class=\"attachment-large size-large\" alt=\"\" \/><\/a>\n\t\t\t<\/dt><\/dl><br style=\"clear: both\" \/><dl class='gallery-item'>\n\t\t\t<dt class='gallery-icon portrait'>\n\t\t\t\t<a href='https:\/\/www.recicladoslared.es\/index.php\/la-alcaldesa-de-alcala-de-guadaira-visita-nuestras-instalaciones-para-conocer-los-avances-en-proyectos-de-reciclaje-de-plastico\/img_6858\/'><img loading=\"lazy\" decoding=\"async\" width=\"768\" height=\"1024\" src=\"https:\/\/www.recicladoslared.es\/wp-content\/uploads\/2024\/07\/IMG_6858-768x1024.jpg\" class=\"attachment-large size-large\" alt=\"\" \/><\/a>\n\t\t\t<\/dt><\/dl><dl class='gallery-item'>\n\t\t\t<dt class='gallery-icon portrait'>\n\t\t\t\t<a href='https:\/\/www.recicladoslared.es\/index.php\/la-alcaldesa-de-alcala-de-guadaira-visita-nuestras-instalaciones-para-conocer-los-avances-en-proyectos-de-reciclaje-de-plastico\/img_e6883\/'><img loading=\"lazy\" decoding=\"async\" width=\"768\" height=\"1024\" src=\"https:\/\/www.recicladoslared.es\/wp-content\/uploads\/2024\/07\/IMG_E6883-768x1024.jpg\" class=\"attachment-large size-large\" alt=\"\" \/><\/a>\n\t\t\t<\/dt><\/dl><br style=\"clear: both\" \/>\n\t\t<\/div>\n\n","protected":false},"excerpt":{"rendered":"<p>La Alcaldesa de Alcal\u00e1 de Guada\u00edra, Ana Isabel Jim\u00e9nez Contreras, realiz\u00f3 el pasado 17 de julio visit\u00f3 nuestras plantas de reciclaje de pl\u00e1stico. El prop\u00f3sito de la visita fue conocer de primera mano el proceso de reciclaje as\u00ed como los \u00faltimos avances y los nuevos proyectos que la empresa tiene en marcha ara contribuir al [&hellip;]<\/p>\n","protected":false},"author":2,"featured_media":1381,"comment_status":"closed","ping_status":"closed","sticky":false,"template":"","format":"standard","meta":{"_et_pb_use_builder":"","_et_pb_old_content":"","_et_gb_content_width":"","footnotes":""},"categories":[8],"tags":[60,103,62,64,58],"class_list":["post-1380","post","type-post","status-publish","format-standard","has-post-thumbnail","hentry","category-sin-categoria-es","tag-economia-circular","tag-innovacion-sostenible","tag-plastico-reciclado","tag-reciclaje-de-plastico","tag-sostenibilidad"],"yoast_head":"<!-- This site is optimized with the Yoast SEO plugin v24.9 - https:\/\/yoast.com\/wordpress\/plugins\/seo\/ -->\n<title>La Alcaldesa de Alcal\u00e1 de Guada\u00edra visita nuestras instalaciones para conocer los avances en proyectos de reciclaje de pl\u00e1stico - Reciclados LA RED<\/title>\n<meta name=\"description\" content=\"La Alcaldesa de Alcal\u00e1 de Guada\u00edra visita nuestras instalaciones para conocer los avances en proyectos de reciclaje de pl\u00e1stico\" \/>\n<meta name=\"robots\" content=\"index, follow, max-snippet:-1, max-image-preview:large, max-video-preview:-1\" \/>\n<link rel=\"canonical\" href=\"https:\/\/www.recicladoslared.es\/index.php\/la-alcaldesa-de-alcala-de-guadaira-visita-nuestras-instalaciones-para-conocer-los-avances-en-proyectos-de-reciclaje-de-plastico\/\" \/>\n<meta property=\"og:locale\" content=\"es_ES\" \/>\n<meta property=\"og:type\" content=\"article\" \/>\n<meta property=\"og:title\" content=\"La Alcaldesa de Alcal\u00e1 de Guada\u00edra visita nuestras instalaciones para conocer los avances en proyectos de reciclaje de pl\u00e1stico - Reciclados LA RED\" \/>\n<meta property=\"og:description\" content=\"La Alcaldesa de Alcal\u00e1 de Guada\u00edra visita nuestras instalaciones para conocer los avances en proyectos de reciclaje de pl\u00e1stico\" \/>\n<meta property=\"og:url\" content=\"https:\/\/www.recicladoslared.es\/index.php\/la-alcaldesa-de-alcala-de-guadaira-visita-nuestras-instalaciones-para-conocer-los-avances-en-proyectos-de-reciclaje-de-plastico\/\" \/>\n<meta property=\"og:site_name\" content=\"Reciclados LA RED\" \/>\n<meta property=\"article:publisher\" content=\"https:\/\/www.facebook.com\/recicladoslared\" \/>\n<meta property=\"article:published_time\" content=\"2024-07-23T10:24:54+00:00\" \/>\n<meta property=\"article:modified_time\" content=\"2025-02-12T10:20:35+00:00\" \/>\n<meta property=\"og:image\" content=\"https:\/\/www.recicladoslared.es\/wp-content\/uploads\/2024\/07\/imagen-1.jpg\" \/>\n\t<meta property=\"og:image:width\" content=\"1200\" \/>\n\t<meta property=\"og:image:height\" content=\"900\" \/>\n\t<meta property=\"og:image:type\" content=\"image\/jpeg\" \/>\n<meta name=\"author\" content=\"webmasterMT\" \/>\n<meta name=\"twitter:card\" content=\"summary_large_image\" \/>\n<meta name=\"twitter:creator\" content=\"@RecicladosLaRed\" \/>\n<meta name=\"twitter:site\" content=\"@RecicladosLaRed\" \/>\n<meta name=\"twitter:label1\" content=\"Escrito por\" \/>\n\t<meta name=\"twitter:data1\" content=\"webmasterMT\" \/>\n\t<meta name=\"twitter:label2\" content=\"Tiempo de lectura\" \/>\n\t<meta name=\"twitter:data2\" content=\"3 minutos\" \/>\n<script type=\"application\/ld+json\" class=\"yoast-schema-graph\">{\"@context\":\"https:\/\/schema.org\",\"@graph\":[{\"@type\":\"Article\",\"@id\":\"https:\/\/www.recicladoslared.es\/index.php\/la-alcaldesa-de-alcala-de-guadaira-visita-nuestras-instalaciones-para-conocer-los-avances-en-proyectos-de-reciclaje-de-plastico\/#article\",\"isPartOf\":{\"@id\":\"https:\/\/www.recicladoslared.es\/index.php\/la-alcaldesa-de-alcala-de-guadaira-visita-nuestras-instalaciones-para-conocer-los-avances-en-proyectos-de-reciclaje-de-plastico\/\"},\"author\":{\"name\":\"webmasterMT\",\"@id\":\"https:\/\/www.recicladoslared.es\/#\/schema\/person\/d02916350ad909e72d0618f999f0048c\"},\"headline\":\"La Alcaldesa de Alcal\u00e1 de Guada\u00edra visita nuestras instalaciones para conocer los avances en proyectos de reciclaje de pl\u00e1stico\",\"datePublished\":\"2024-07-23T10:24:54+00:00\",\"dateModified\":\"2025-02-12T10:20:35+00:00\",\"mainEntityOfPage\":{\"@id\":\"https:\/\/www.recicladoslared.es\/index.php\/la-alcaldesa-de-alcala-de-guadaira-visita-nuestras-instalaciones-para-conocer-los-avances-en-proyectos-de-reciclaje-de-plastico\/\"},\"wordCount\":537,\"publisher\":{\"@id\":\"https:\/\/www.recicladoslared.es\/#organization\"},\"image\":{\"@id\":\"https:\/\/www.recicladoslared.es\/index.php\/la-alcaldesa-de-alcala-de-guadaira-visita-nuestras-instalaciones-para-conocer-los-avances-en-proyectos-de-reciclaje-de-plastico\/#primaryimage\"},\"thumbnailUrl\":\"https:\/\/www.recicladoslared.es\/wp-content\/uploads\/2024\/07\/imagen-1.jpg\",\"keywords\":[\"econom\u00eda circular\",\"innovaci\u00f3n sostenible\",\"pl\u00e1stico reciclado\",\"reciclaje de pl\u00e1stico\",\"sostenibilidad\"],\"inLanguage\":\"es\"},{\"@type\":\"WebPage\",\"@id\":\"https:\/\/www.recicladoslared.es\/index.php\/la-alcaldesa-de-alcala-de-guadaira-visita-nuestras-instalaciones-para-conocer-los-avances-en-proyectos-de-reciclaje-de-plastico\/\",\"url\":\"https:\/\/www.recicladoslared.es\/index.php\/la-alcaldesa-de-alcala-de-guadaira-visita-nuestras-instalaciones-para-conocer-los-avances-en-proyectos-de-reciclaje-de-plastico\/\",\"name\":\"La Alcaldesa de Alcal\u00e1 de Guada\u00edra visita nuestras instalaciones para conocer los avances en proyectos de reciclaje de pl\u00e1stico - Reciclados LA RED\",\"isPartOf\":{\"@id\":\"https:\/\/www.recicladoslared.es\/#website\"},\"primaryImageOfPage\":{\"@id\":\"https:\/\/www.recicladoslared.es\/index.php\/la-alcaldesa-de-alcala-de-guadaira-visita-nuestras-instalaciones-para-conocer-los-avances-en-proyectos-de-reciclaje-de-plastico\/#primaryimage\"},\"image\":{\"@id\":\"https:\/\/www.recicladoslared.es\/index.php\/la-alcaldesa-de-alcala-de-guadaira-visita-nuestras-instalaciones-para-conocer-los-avances-en-proyectos-de-reciclaje-de-plastico\/#primaryimage\"},\"thumbnailUrl\":\"https:\/\/www.recicladoslared.es\/wp-content\/uploads\/2024\/07\/imagen-1.jpg\",\"datePublished\":\"2024-07-23T10:24:54+00:00\",\"dateModified\":\"2025-02-12T10:20:35+00:00\",\"description\":\"La Alcaldesa de Alcal\u00e1 de Guada\u00edra visita nuestras instalaciones para conocer los avances en proyectos de reciclaje de pl\u00e1stico\",\"breadcrumb\":{\"@id\":\"https:\/\/www.recicladoslared.es\/index.php\/la-alcaldesa-de-alcala-de-guadaira-visita-nuestras-instalaciones-para-conocer-los-avances-en-proyectos-de-reciclaje-de-plastico\/#breadcrumb\"},\"inLanguage\":\"es\",\"potentialAction\":[{\"@type\":\"ReadAction\",\"target\":[\"https:\/\/www.recicladoslared.es\/index.php\/la-alcaldesa-de-alcala-de-guadaira-visita-nuestras-instalaciones-para-conocer-los-avances-en-proyectos-de-reciclaje-de-plastico\/\"]}]},{\"@type\":\"ImageObject\",\"inLanguage\":\"es\",\"@id\":\"https:\/\/www.recicladoslared.es\/index.php\/la-alcaldesa-de-alcala-de-guadaira-visita-nuestras-instalaciones-para-conocer-los-avances-en-proyectos-de-reciclaje-de-plastico\/#primaryimage\",\"url\":\"https:\/\/www.recicladoslared.es\/wp-content\/uploads\/2024\/07\/imagen-1.jpg\",\"contentUrl\":\"https:\/\/www.recicladoslared.es\/wp-content\/uploads\/2024\/07\/imagen-1.jpg\",\"width\":1200,\"height\":900},{\"@type\":\"BreadcrumbList\",\"@id\":\"https:\/\/www.recicladoslared.es\/index.php\/la-alcaldesa-de-alcala-de-guadaira-visita-nuestras-instalaciones-para-conocer-los-avances-en-proyectos-de-reciclaje-de-plastico\/#breadcrumb\",\"itemListElement\":[{\"@type\":\"ListItem\",\"position\":1,\"name\":\"Portada\",\"item\":\"https:\/\/www.recicladoslared.es\/\"},{\"@type\":\"ListItem\",\"position\":2,\"name\":\"La Alcaldesa de Alcal\u00e1 de Guada\u00edra visita nuestras instalaciones para conocer los avances en proyectos de reciclaje de pl\u00e1stico\"}]},{\"@type\":\"WebSite\",\"@id\":\"https:\/\/www.recicladoslared.es\/#website\",\"url\":\"https:\/\/www.recicladoslared.es\/\",\"name\":\"Reciclados La Red\",\"description\":\"Planta de reciclaje de pl\u00e1stico y venta de pl\u00e1stico reciclado\",\"publisher\":{\"@id\":\"https:\/\/www.recicladoslared.es\/#organization\"},\"potentialAction\":[{\"@type\":\"SearchAction\",\"target\":{\"@type\":\"EntryPoint\",\"urlTemplate\":\"https:\/\/www.recicladoslared.es\/?s={search_term_string}\"},\"query-input\":{\"@type\":\"PropertyValueSpecification\",\"valueRequired\":true,\"valueName\":\"search_term_string\"}}],\"inLanguage\":\"es\"},{\"@type\":\"Organization\",\"@id\":\"https:\/\/www.recicladoslared.es\/#organization\",\"name\":\"Reciclados La Red\",\"url\":\"https:\/\/www.recicladoslared.es\/\",\"logo\":{\"@type\":\"ImageObject\",\"inLanguage\":\"es\",\"@id\":\"https:\/\/www.recicladoslared.es\/#\/schema\/logo\/image\/\",\"url\":\"https:\/\/www.recicladoslared.es\/wp-content\/uploads\/2023\/05\/Logo-La-Red-Transpa-2.png\",\"contentUrl\":\"https:\/\/www.recicladoslared.es\/wp-content\/uploads\/2023\/05\/Logo-La-Red-Transpa-2.png\",\"width\":600,\"height\":400,\"caption\":\"Reciclados La Red\"},\"image\":{\"@id\":\"https:\/\/www.recicladoslared.es\/#\/schema\/logo\/image\/\"},\"sameAs\":[\"https:\/\/www.facebook.com\/recicladoslared\",\"https:\/\/x.com\/RecicladosLaRed\",\"https:\/\/es.linkedin.com\/company\/reciclados-la-red---reciclados-pl-sticos-serva\"]},{\"@type\":\"Person\",\"@id\":\"https:\/\/www.recicladoslared.es\/#\/schema\/person\/d02916350ad909e72d0618f999f0048c\",\"name\":\"webmasterMT\",\"url\":\"https:\/\/www.recicladoslared.es\/index.php\/author\/webmastermt\/\"}]}<\/script>\n<!-- \/ Yoast SEO plugin. -->","yoast_head_json":{"title":"La Alcaldesa de Alcal\u00e1 de Guada\u00edra visita nuestras instalaciones para conocer los avances en proyectos de reciclaje de pl\u00e1stico - Reciclados LA RED","description":"La Alcaldesa de Alcal\u00e1 de Guada\u00edra visita nuestras instalaciones para conocer los avances en proyectos de reciclaje de pl\u00e1stico","robots":{"index":"index","follow":"follow","max-snippet":"max-snippet:-1","max-image-preview":"max-image-preview:large","max-video-preview":"max-video-preview:-1"},"canonical":"https:\/\/www.recicladoslared.es\/index.php\/la-alcaldesa-de-alcala-de-guadaira-visita-nuestras-instalaciones-para-conocer-los-avances-en-proyectos-de-reciclaje-de-plastico\/","og_locale":"es_ES","og_type":"article","og_title":"La Alcaldesa de Alcal\u00e1 de Guada\u00edra visita nuestras instalaciones para conocer los avances en proyectos de reciclaje de pl\u00e1stico - Reciclados LA RED","og_description":"La Alcaldesa de Alcal\u00e1 de Guada\u00edra visita nuestras instalaciones para conocer los avances en proyectos de reciclaje de pl\u00e1stico","og_url":"https:\/\/www.recicladoslared.es\/index.php\/la-alcaldesa-de-alcala-de-guadaira-visita-nuestras-instalaciones-para-conocer-los-avances-en-proyectos-de-reciclaje-de-plastico\/","og_site_name":"Reciclados LA RED","article_publisher":"https:\/\/www.facebook.com\/recicladoslared","article_published_time":"2024-07-23T10:24:54+00:00","article_modified_time":"2025-02-12T10:20:35+00:00","og_image":[{"width":1200,"height":900,"url":"https:\/\/www.recicladoslared.es\/wp-content\/uploads\/2024\/07\/imagen-1.jpg","type":"image\/jpeg"}],"author":"webmasterMT","twitter_card":"summary_large_image","twitter_creator":"@RecicladosLaRed","twitter_site":"@RecicladosLaRed","twitter_misc":{"Escrito por":"webmasterMT","Tiempo de lectura":"3 minutos"},"schema":{"@context":"https:\/\/schema.org","@graph":[{"@type":"Article","@id":"https:\/\/www.recicladoslared.es\/index.php\/la-alcaldesa-de-alcala-de-guadaira-visita-nuestras-instalaciones-para-conocer-los-avances-en-proyectos-de-reciclaje-de-plastico\/#article","isPartOf":{"@id":"https:\/\/www.recicladoslared.es\/index.php\/la-alcaldesa-de-alcala-de-guadaira-visita-nuestras-instalaciones-para-conocer-los-avances-en-proyectos-de-reciclaje-de-plastico\/"},"author":{"name":"webmasterMT","@id":"https:\/\/www.recicladoslared.es\/#\/schema\/person\/d02916350ad909e72d0618f999f0048c"},"headline":"La Alcaldesa de Alcal\u00e1 de Guada\u00edra visita nuestras instalaciones para conocer los avances en proyectos de reciclaje de pl\u00e1stico","datePublished":"2024-07-23T10:24:54+00:00","dateModified":"2025-02-12T10:20:35+00:00","mainEntityOfPage":{"@id":"https:\/\/www.recicladoslared.es\/index.php\/la-alcaldesa-de-alcala-de-guadaira-visita-nuestras-instalaciones-para-conocer-los-avances-en-proyectos-de-reciclaje-de-plastico\/"},"wordCount":537,"publisher":{"@id":"https:\/\/www.recicladoslared.es\/#organization"},"image":{"@id":"https:\/\/www.recicladoslared.es\/index.php\/la-alcaldesa-de-alcala-de-guadaira-visita-nuestras-instalaciones-para-conocer-los-avances-en-proyectos-de-reciclaje-de-plastico\/#primaryimage"},"thumbnailUrl":"https:\/\/www.recicladoslared.es\/wp-content\/uploads\/2024\/07\/imagen-1.jpg","keywords":["econom\u00eda circular","innovaci\u00f3n sostenible","pl\u00e1stico reciclado","reciclaje de pl\u00e1stico","sostenibilidad"],"inLanguage":"es"},{"@type":"WebPage","@id":"https:\/\/www.recicladoslared.es\/index.php\/la-alcaldesa-de-alcala-de-guadaira-visita-nuestras-instalaciones-para-conocer-los-avances-en-proyectos-de-reciclaje-de-plastico\/","url":"https:\/\/www.recicladoslared.es\/index.php\/la-alcaldesa-de-alcala-de-guadaira-visita-nuestras-instalaciones-para-conocer-los-avances-en-proyectos-de-reciclaje-de-plastico\/","name":"La Alcaldesa de Alcal\u00e1 de Guada\u00edra visita nuestras instalaciones para conocer los avances en proyectos de reciclaje de pl\u00e1stico - Reciclados LA RED","isPartOf":{"@id":"https:\/\/www.recicladoslared.es\/#website"},"primaryImageOfPage":{"@id":"https:\/\/www.recicladoslared.es\/index.php\/la-alcaldesa-de-alcala-de-guadaira-visita-nuestras-instalaciones-para-conocer-los-avances-en-proyectos-de-reciclaje-de-plastico\/#primaryimage"},"image":{"@id":"https:\/\/www.recicladoslared.es\/index.php\/la-alcaldesa-de-alcala-de-guadaira-visita-nuestras-instalaciones-para-conocer-los-avances-en-proyectos-de-reciclaje-de-plastico\/#primaryimage"},"thumbnailUrl":"https:\/\/www.recicladoslared.es\/wp-content\/uploads\/2024\/07\/imagen-1.jpg","datePublished":"2024-07-23T10:24:54+00:00","dateModified":"2025-02-12T10:20:35+00:00","description":"La Alcaldesa de Alcal\u00e1 de Guada\u00edra visita nuestras instalaciones para conocer los avances en proyectos de reciclaje de pl\u00e1stico","breadcrumb":{"@id":"https:\/\/www.recicladoslared.es\/index.php\/la-alcaldesa-de-alcala-de-guadaira-visita-nuestras-instalaciones-para-conocer-los-avances-en-proyectos-de-reciclaje-de-plastico\/#breadcrumb"},"inLanguage":"es","potentialAction":[{"@type":"ReadAction","target":["https:\/\/www.recicladoslared.es\/index.php\/la-alcaldesa-de-alcala-de-guadaira-visita-nuestras-instalaciones-para-conocer-los-avances-en-proyectos-de-reciclaje-de-plastico\/"]}]},{"@type":"ImageObject","inLanguage":"es","@id":"https:\/\/www.recicladoslared.es\/index.php\/la-alcaldesa-de-alcala-de-guadaira-visita-nuestras-instalaciones-para-conocer-los-avances-en-proyectos-de-reciclaje-de-plastico\/#primaryimage","url":"https:\/\/www.recicladoslared.es\/wp-content\/uploads\/2024\/07\/imagen-1.jpg","contentUrl":"https:\/\/www.recicladoslared.es\/wp-content\/uploads\/2024\/07\/imagen-1.jpg","width":1200,"height":900},{"@type":"BreadcrumbList","@id":"https:\/\/www.recicladoslared.es\/index.php\/la-alcaldesa-de-alcala-de-guadaira-visita-nuestras-instalaciones-para-conocer-los-avances-en-proyectos-de-reciclaje-de-plastico\/#breadcrumb","itemListElement":[{"@type":"ListItem","position":1,"name":"Portada","item":"https:\/\/www.recicladoslared.es\/"},{"@type":"ListItem","position":2,"name":"La Alcaldesa de Alcal\u00e1 de Guada\u00edra visita nuestras instalaciones para conocer los avances en proyectos de reciclaje de pl\u00e1stico"}]},{"@type":"WebSite","@id":"https:\/\/www.recicladoslared.es\/#website","url":"https:\/\/www.recicladoslared.es\/","name":"Reciclados La Red","description":"Planta de reciclaje de pl\u00e1stico y venta de pl\u00e1stico reciclado","publisher":{"@id":"https:\/\/www.recicladoslared.es\/#organization"},"potentialAction":[{"@type":"SearchAction","target":{"@type":"EntryPoint","urlTemplate":"https:\/\/www.recicladoslared.es\/?s={search_term_string}"},"query-input":{"@type":"PropertyValueSpecification","valueRequired":true,"valueName":"search_term_string"}}],"inLanguage":"es"},{"@type":"Organization","@id":"https:\/\/www.recicladoslared.es\/#organization","name":"Reciclados La Red","url":"https:\/\/www.recicladoslared.es\/","logo":{"@type":"ImageObject","inLanguage":"es","@id":"https:\/\/www.recicladoslared.es\/#\/schema\/logo\/image\/","url":"https:\/\/www.recicladoslared.es\/wp-content\/uploads\/2023\/05\/Logo-La-Red-Transpa-2.png","contentUrl":"https:\/\/www.recicladoslared.es\/wp-content\/uploads\/2023\/05\/Logo-La-Red-Transpa-2.png","width":600,"height":400,"caption":"Reciclados La Red"},"image":{"@id":"https:\/\/www.recicladoslared.es\/#\/schema\/logo\/image\/"},"sameAs":["https:\/\/www.facebook.com\/recicladoslared","https:\/\/x.com\/RecicladosLaRed","https:\/\/es.linkedin.com\/company\/reciclados-la-red---reciclados-pl-sticos-serva"]},{"@type":"Person","@id":"https:\/\/www.recicladoslared.es\/#\/schema\/person\/d02916350ad909e72d0618f999f0048c","name":"webmasterMT","url":"https:\/\/www.recicladoslared.es\/index.php\/author\/webmastermt\/"}]}},"_links":{"self":[{"href":"https:\/\/www.recicladoslared.es\/index.php\/wp-json\/wp\/v2\/posts\/1380","targetHints":{"allow":["GET"]}}],"collection":[{"href":"https:\/\/www.recicladoslared.es\/index.php\/wp-json\/wp\/v2\/posts"}],"about":[{"href":"https:\/\/www.recicladoslared.es\/index.php\/wp-json\/wp\/v2\/types\/post"}],"author":[{"embeddable":true,"href":"https:\/\/www.recicladoslared.es\/index.php\/wp-json\/wp\/v2\/users\/2"}],"replies":[{"embeddable":true,"href":"https:\/\/www.recicladoslared.es\/index.php\/wp-json\/wp\/v2\/comments?post=1380"}],"version-history":[{"count":2,"href":"https:\/\/www.recicladoslared.es\/index.php\/wp-json\/wp\/v2\/posts\/1380\/revisions"}],"predecessor-version":[{"id":1388,"href":"https:\/\/www.recicladoslared.es\/index.php\/wp-json\/wp\/v2\/posts\/1380\/revisions\/1388"}],"wp:featuredmedia":[{"embeddable":true,"href":"https:\/\/www.recicladoslared.es\/index.php\/wp-json\/wp\/v2\/media\/1381"}],"wp:attachment":[{"href":"https:\/\/www.recicladoslared.es\/index.php\/wp-json\/wp\/v2\/media?parent=1380"}],"wp:term":[{"taxonomy":"category","embeddable":true,"href":"https:\/\/www.recicladoslared.es\/index.php\/wp-json\/wp\/v2\/categories?post=1380"},{"taxonomy":"post_tag","embeddable":true,"href":"https:\/\/www.recicladoslared.es\/index.php\/wp-json\/wp\/v2\/tags?post=1380"}],"curies":[{"name":"wp","href":"https:\/\/api.w.org\/{rel}","templated":true}]}}