{"id":1689,"date":"2025-02-12T11:28:52","date_gmt":"2025-02-12T11:28:52","guid":{"rendered":"https:\/\/www.recicladoslared.es\/?p=1689"},"modified":"2025-02-13T11:03:04","modified_gmt":"2025-02-13T11:03:04","slug":"innovacion-en-plasticos-reciclados-clave-para-la-economia-circular","status":"publish","type":"post","link":"https:\/\/www.recicladoslared.es\/index.php\/innovacion-en-plasticos-reciclados-clave-para-la-economia-circular\/","title":{"rendered":"Innovaci\u00f3n en pl\u00e1sticos reciclados: clave para la econom\u00eda circular"},"content":{"rendered":"<p><strong>Innovaci\u00f3n en pl\u00e1sticos reciclados: impulsando la econom\u00eda circular<\/strong><\/p>\n<p>La VII Edici\u00f3n de Pl\u00e1sticos y Econom\u00eda Circular, celebrada en Valencia, reuni\u00f3 a expertos y profesionales del sector para debatir sobre el futuro de los pl\u00e1sticos. Este evento, titulado \u00abM\u00e1s all\u00e1 del reciclado\u00bb, destac\u00f3 la importancia de la innovaci\u00f3n en pl\u00e1sticos reciclados como motor de la econom\u00eda circular.<\/p>\n<h3>Innovaci\u00f3n en ecodise\u00f1o y digitalizaci\u00f3n<\/h3>\n<h4>Reglamento europeo de ecodise\u00f1o<\/h4>\n<p>El nuevo Reglamento Europeo de Productos Sostenibles fue un tema central. Este reglamento no solo se enfoca en la eficiencia energ\u00e9tica, sino que tambi\u00e9n establece requisitos para el ecodise\u00f1o. Timoteo de la Fuente, del Ministerio de Industria y Turismo, subray\u00f3 la importancia de estos est\u00e1ndares para mejorar la sostenibilidad de los productos.<\/p>\n<h4>Pasaporte digital para productos pl\u00e1sticos<\/h4>\n<p>Se present\u00f3 una herramienta digital innovadora que recopilar\u00e1 datos de toda la cadena de valor de cada producto. Este pasaporte digital permitir\u00e1 a los consumidores tomar decisiones de compra m\u00e1s sostenibles, con una implementaci\u00f3n completa esperada para 2030.<\/p>\n<h3>Estrategias de reutilizaci\u00f3n y refill<\/h3>\n<h4>Innovaci\u00f3n en packaging reutilizable<\/h4>\n<p>La necesidad de desarrollar envases reutilizables fue otro tema destacado. Empresas como Babaria y Sintac Recycling presentaron el proyecto <strong>EcosmartPack<\/strong>, que ofrece envases inteligentes y reutilizables para sectores como la alimentaci\u00f3n y la cosm\u00e9tica.<\/p>\n<h4>Modelos de gesti\u00f3n de residuos<\/h4>\n<p>El Sistema Colectivo de Responsabilidad Ampliada del Productor (SCRAP) se discuti\u00f3 como una estrategia para incentivar el reciclaje. A partir de 2025, los productores ser\u00e1n responsables de la primera puesta en el mercado de sus productos, promoviendo el dise\u00f1o para la reutilizaci\u00f3n.<\/p>\n<h3>Circularidad y descarbonizaci\u00f3n<\/h3>\n<h4>Reducci\u00f3n de la huella de carbono<\/h4>\n<p>La econom\u00eda circular ofrece oportunidades para reducir las emisiones de CO\u2082. Expertos como Antonio Garc\u00eda, de Val\u00e8ncia Capital Verde Europea, compartieron iniciativas para integrar materiales reciclados en nuevos productos, reduciendo as\u00ed la huella ambiental.<\/p>\n<h4>Aplicaciones industriales innovadoras<\/h4>\n<p>Se presentaron soluciones innovadoras, como el uso de material reciclado de palas de aerogeneradores para impresi\u00f3n 3D. Estas iniciativas apuntan a integrar la circularidad en sectores exigentes como el de la automoci\u00f3n.<\/p>\n<h3>Nuevos modelos de negocio sostenibles<\/h3>\n<h4>Transformar retos en oportunidades<\/h4>\n<p>La econom\u00eda circular se presenta como una oportunidad para crear modelos de negocio sostenibles. Empresas como Novamont y Repsol compartieron casos de \u00e9xito en la integraci\u00f3n de la circularidad a lo largo de toda la cadena de valor.<\/p>\n<h3>Demostraciones<\/h3>\n<h4>Innovaci\u00f3n tangible<\/h4>\n<p>Durante el evento, se exhibieron demostradores reales de innovaciones en econom\u00eda circular. Desde portal\u00e1pices fabricados con redes de pesca hasta envases de aceite de oliva hechos con residuos de aceituna, estas demostraciones subrayaron el potencial de la econom\u00eda circular.<\/p>\n<p>La VII Edici\u00f3n de Pl\u00e1sticos y Econom\u00eda Circular fue una plataforma para intercambiar conocimientos y presentar innovaciones disruptivas. La jornada destac\u00f3 la importancia de la digitalizaci\u00f3n, la reutilizaci\u00f3n y la integraci\u00f3n de nuevos modelos de negocio.<\/p>\n<p>\u00danete a Reciclados La Red by Veolia y s\u00e9 parte del cambio hacia un futuro m\u00e1s sostenible. Descubre c\u00f3mo puedes contribuir a la econom\u00eda circular con nuestro <a href=\"https:\/\/www.recicladoslared.es\/index.php\/productos\/\">pl\u00e1stico reciclado.\u00a0<\/a><\/p>\n<p>&nbsp;<\/p>\n","protected":false},"excerpt":{"rendered":"<p>Innovaci\u00f3n en pl\u00e1sticos reciclados: impulsando la econom\u00eda circular La VII Edici\u00f3n de Pl\u00e1sticos y Econom\u00eda Circular, celebrada en Valencia, reuni\u00f3 a expertos y profesionales del sector para debatir sobre el futuro de los pl\u00e1sticos. Este evento, titulado \u00abM\u00e1s all\u00e1 del reciclado\u00bb, destac\u00f3 la importancia de la innovaci\u00f3n en pl\u00e1sticos reciclados como motor de la econom\u00eda [&hellip;]<\/p>\n","protected":false},"author":2,"featured_media":1690,"comment_status":"closed","ping_status":"closed","sticky":false,"template":"","format":"standard","meta":{"_et_pb_use_builder":"","_et_pb_old_content":"","_et_gb_content_width":"","footnotes":""},"categories":[142,81],"tags":[144,148,146],"class_list":["post-1689","post","type-post","status-publish","format-standard","has-post-thumbnail","hentry","category-economia-circular","category-reciclaje","tag-economiacircular","tag-innovacionsostenible","tag-plasticosreciclados"],"yoast_head":"<!-- This site is optimized with the Yoast SEO plugin v24.9 - https:\/\/yoast.com\/wordpress\/plugins\/seo\/ -->\n<title>Innovaci\u00f3n en pl\u00e1sticos reciclados: clave para la econom\u00eda circular - Reciclados LA RED<\/title>\n<meta name=\"description\" content=\"Descubre c\u00f3mo la innovaci\u00f3n en pl\u00e1sticos reciclados impulsa la econom\u00eda circular y reduce la huella de carbono en la industria.\" \/>\n<meta name=\"robots\" content=\"index, follow, max-snippet:-1, max-image-preview:large, max-video-preview:-1\" \/>\n<link rel=\"canonical\" href=\"https:\/\/www.recicladoslared.es\/index.php\/innovacion-en-plasticos-reciclados-clave-para-la-economia-circular\/\" \/>\n<meta property=\"og:locale\" content=\"es_ES\" \/>\n<meta property=\"og:type\" content=\"article\" \/>\n<meta property=\"og:title\" content=\"Innovaci\u00f3n en pl\u00e1sticos reciclados: clave para la econom\u00eda circular\" \/>\n<meta property=\"og:description\" content=\"Descubre c\u00f3mo la innovaci\u00f3n en pl\u00e1sticos reciclados impulsa la econom\u00eda circular y reduce la huella de carbono en la industria.\" \/>\n<meta property=\"og:url\" content=\"https:\/\/www.recicladoslared.es\/index.php\/innovacion-en-plasticos-reciclados-clave-para-la-economia-circular\/\" \/>\n<meta property=\"og:site_name\" content=\"Reciclados LA RED\" \/>\n<meta property=\"article:publisher\" content=\"https:\/\/www.facebook.com\/recicladoslared\" \/>\n<meta property=\"article:published_time\" content=\"2025-02-12T11:28:52+00:00\" \/>\n<meta property=\"article:modified_time\" content=\"2025-02-13T11:03:04+00:00\" \/>\n<meta property=\"og:image\" content=\"https:\/\/www.recicladoslared.es\/wp-content\/uploads\/2025\/02\/image-0-1-1024x585.png\" \/>\n\t<meta property=\"og:image:width\" content=\"1024\" \/>\n\t<meta property=\"og:image:height\" content=\"585\" \/>\n\t<meta property=\"og:image:type\" content=\"image\/png\" \/>\n<meta name=\"author\" content=\"webmasterMT\" \/>\n<meta name=\"twitter:card\" content=\"summary_large_image\" \/>\n<meta name=\"twitter:creator\" content=\"@RecicladosLaRed\" \/>\n<meta name=\"twitter:site\" content=\"@RecicladosLaRed\" \/>\n<meta name=\"twitter:label1\" content=\"Escrito por\" \/>\n\t<meta name=\"twitter:data1\" content=\"webmasterMT\" \/>\n\t<meta name=\"twitter:label2\" content=\"Tiempo de lectura\" \/>\n\t<meta name=\"twitter:data2\" content=\"3 minutos\" \/>\n<script type=\"application\/ld+json\" class=\"yoast-schema-graph\">{\"@context\":\"https:\/\/schema.org\",\"@graph\":[{\"@type\":\"Article\",\"@id\":\"https:\/\/www.recicladoslared.es\/index.php\/innovacion-en-plasticos-reciclados-clave-para-la-economia-circular\/#article\",\"isPartOf\":{\"@id\":\"https:\/\/www.recicladoslared.es\/index.php\/innovacion-en-plasticos-reciclados-clave-para-la-economia-circular\/\"},\"author\":{\"name\":\"webmasterMT\",\"@id\":\"https:\/\/www.recicladoslared.es\/#\/schema\/person\/d02916350ad909e72d0618f999f0048c\"},\"headline\":\"Innovaci\u00f3n en pl\u00e1sticos reciclados: clave para la econom\u00eda circular\",\"datePublished\":\"2025-02-12T11:28:52+00:00\",\"dateModified\":\"2025-02-13T11:03:04+00:00\",\"mainEntityOfPage\":{\"@id\":\"https:\/\/www.recicladoslared.es\/index.php\/innovacion-en-plasticos-reciclados-clave-para-la-economia-circular\/\"},\"wordCount\":546,\"publisher\":{\"@id\":\"https:\/\/www.recicladoslared.es\/#organization\"},\"image\":{\"@id\":\"https:\/\/www.recicladoslared.es\/index.php\/innovacion-en-plasticos-reciclados-clave-para-la-economia-circular\/#primaryimage\"},\"thumbnailUrl\":\"https:\/\/www.recicladoslared.es\/wp-content\/uploads\/2025\/02\/image-0-1.png\",\"keywords\":[\"#Econom\u00edaCircular\",\"#Innovaci\u00f3nSostenible\",\"#Pl\u00e1sticosReciclados\"],\"articleSection\":[\"Econom\u00eda Circular\",\"Reciclaje\"],\"inLanguage\":\"es\"},{\"@type\":\"WebPage\",\"@id\":\"https:\/\/www.recicladoslared.es\/index.php\/innovacion-en-plasticos-reciclados-clave-para-la-economia-circular\/\",\"url\":\"https:\/\/www.recicladoslared.es\/index.php\/innovacion-en-plasticos-reciclados-clave-para-la-economia-circular\/\",\"name\":\"Innovaci\u00f3n en pl\u00e1sticos reciclados: clave para la econom\u00eda circular - Reciclados LA RED\",\"isPartOf\":{\"@id\":\"https:\/\/www.recicladoslared.es\/#website\"},\"primaryImageOfPage\":{\"@id\":\"https:\/\/www.recicladoslared.es\/index.php\/innovacion-en-plasticos-reciclados-clave-para-la-economia-circular\/#primaryimage\"},\"image\":{\"@id\":\"https:\/\/www.recicladoslared.es\/index.php\/innovacion-en-plasticos-reciclados-clave-para-la-economia-circular\/#primaryimage\"},\"thumbnailUrl\":\"https:\/\/www.recicladoslared.es\/wp-content\/uploads\/2025\/02\/image-0-1.png\",\"datePublished\":\"2025-02-12T11:28:52+00:00\",\"dateModified\":\"2025-02-13T11:03:04+00:00\",\"description\":\"Descubre c\u00f3mo la innovaci\u00f3n en pl\u00e1sticos reciclados impulsa la econom\u00eda circular y reduce la huella de carbono en la industria.\",\"breadcrumb\":{\"@id\":\"https:\/\/www.recicladoslared.es\/index.php\/innovacion-en-plasticos-reciclados-clave-para-la-economia-circular\/#breadcrumb\"},\"inLanguage\":\"es\",\"potentialAction\":[{\"@type\":\"ReadAction\",\"target\":[\"https:\/\/www.recicladoslared.es\/index.php\/innovacion-en-plasticos-reciclados-clave-para-la-economia-circular\/\"]}]},{\"@type\":\"ImageObject\",\"inLanguage\":\"es\",\"@id\":\"https:\/\/www.recicladoslared.es\/index.php\/innovacion-en-plasticos-reciclados-clave-para-la-economia-circular\/#primaryimage\",\"url\":\"https:\/\/www.recicladoslared.es\/wp-content\/uploads\/2025\/02\/image-0-1.png\",\"contentUrl\":\"https:\/\/www.recicladoslared.es\/wp-content\/uploads\/2025\/02\/image-0-1.png\",\"width\":1792,\"height\":1024,\"caption\":\"Innovaci\u00f3n en pl\u00e1sticos reciclados\"},{\"@type\":\"BreadcrumbList\",\"@id\":\"https:\/\/www.recicladoslared.es\/index.php\/innovacion-en-plasticos-reciclados-clave-para-la-economia-circular\/#breadcrumb\",\"itemListElement\":[{\"@type\":\"ListItem\",\"position\":1,\"name\":\"Portada\",\"item\":\"https:\/\/www.recicladoslared.es\/\"},{\"@type\":\"ListItem\",\"position\":2,\"name\":\"Innovaci\u00f3n en pl\u00e1sticos reciclados: clave para la econom\u00eda circular\"}]},{\"@type\":\"WebSite\",\"@id\":\"https:\/\/www.recicladoslared.es\/#website\",\"url\":\"https:\/\/www.recicladoslared.es\/\",\"name\":\"Reciclados La Red\",\"description\":\"Planta de reciclaje de pl\u00e1stico y venta de pl\u00e1stico reciclado\",\"publisher\":{\"@id\":\"https:\/\/www.recicladoslared.es\/#organization\"},\"potentialAction\":[{\"@type\":\"SearchAction\",\"target\":{\"@type\":\"EntryPoint\",\"urlTemplate\":\"https:\/\/www.recicladoslared.es\/?s={search_term_string}\"},\"query-input\":{\"@type\":\"PropertyValueSpecification\",\"valueRequired\":true,\"valueName\":\"search_term_string\"}}],\"inLanguage\":\"es\"},{\"@type\":\"Organization\",\"@id\":\"https:\/\/www.recicladoslared.es\/#organization\",\"name\":\"Reciclados La Red\",\"url\":\"https:\/\/www.recicladoslared.es\/\",\"logo\":{\"@type\":\"ImageObject\",\"inLanguage\":\"es\",\"@id\":\"https:\/\/www.recicladoslared.es\/#\/schema\/logo\/image\/\",\"url\":\"https:\/\/www.recicladoslared.es\/wp-content\/uploads\/2023\/05\/Logo-La-Red-Transpa-2.png\",\"contentUrl\":\"https:\/\/www.recicladoslared.es\/wp-content\/uploads\/2023\/05\/Logo-La-Red-Transpa-2.png\",\"width\":600,\"height\":400,\"caption\":\"Reciclados La Red\"},\"image\":{\"@id\":\"https:\/\/www.recicladoslared.es\/#\/schema\/logo\/image\/\"},\"sameAs\":[\"https:\/\/www.facebook.com\/recicladoslared\",\"https:\/\/x.com\/RecicladosLaRed\",\"https:\/\/es.linkedin.com\/company\/reciclados-la-red---reciclados-pl-sticos-serva\"]},{\"@type\":\"Person\",\"@id\":\"https:\/\/www.recicladoslared.es\/#\/schema\/person\/d02916350ad909e72d0618f999f0048c\",\"name\":\"webmasterMT\",\"url\":\"https:\/\/www.recicladoslared.es\/index.php\/author\/webmastermt\/\"}]}<\/script>\n<!-- \/ Yoast SEO plugin. -->","yoast_head_json":{"title":"Innovaci\u00f3n en pl\u00e1sticos reciclados: clave para la econom\u00eda circular - Reciclados LA RED","description":"Descubre c\u00f3mo la innovaci\u00f3n en pl\u00e1sticos reciclados impulsa la econom\u00eda circular y reduce la huella de carbono en la industria.","robots":{"index":"index","follow":"follow","max-snippet":"max-snippet:-1","max-image-preview":"max-image-preview:large","max-video-preview":"max-video-preview:-1"},"canonical":"https:\/\/www.recicladoslared.es\/index.php\/innovacion-en-plasticos-reciclados-clave-para-la-economia-circular\/","og_locale":"es_ES","og_type":"article","og_title":"Innovaci\u00f3n en pl\u00e1sticos reciclados: clave para la econom\u00eda circular","og_description":"Descubre c\u00f3mo la innovaci\u00f3n en pl\u00e1sticos reciclados impulsa la econom\u00eda circular y reduce la huella de carbono en la industria.","og_url":"https:\/\/www.recicladoslared.es\/index.php\/innovacion-en-plasticos-reciclados-clave-para-la-economia-circular\/","og_site_name":"Reciclados LA RED","article_publisher":"https:\/\/www.facebook.com\/recicladoslared","article_published_time":"2025-02-12T11:28:52+00:00","article_modified_time":"2025-02-13T11:03:04+00:00","og_image":[{"width":1024,"height":585,"url":"https:\/\/www.recicladoslared.es\/wp-content\/uploads\/2025\/02\/image-0-1-1024x585.png","type":"image\/png"}],"author":"webmasterMT","twitter_card":"summary_large_image","twitter_creator":"@RecicladosLaRed","twitter_site":"@RecicladosLaRed","twitter_misc":{"Escrito por":"webmasterMT","Tiempo de lectura":"3 minutos"},"schema":{"@context":"https:\/\/schema.org","@graph":[{"@type":"Article","@id":"https:\/\/www.recicladoslared.es\/index.php\/innovacion-en-plasticos-reciclados-clave-para-la-economia-circular\/#article","isPartOf":{"@id":"https:\/\/www.recicladoslared.es\/index.php\/innovacion-en-plasticos-reciclados-clave-para-la-economia-circular\/"},"author":{"name":"webmasterMT","@id":"https:\/\/www.recicladoslared.es\/#\/schema\/person\/d02916350ad909e72d0618f999f0048c"},"headline":"Innovaci\u00f3n en pl\u00e1sticos reciclados: clave para la econom\u00eda circular","datePublished":"2025-02-12T11:28:52+00:00","dateModified":"2025-02-13T11:03:04+00:00","mainEntityOfPage":{"@id":"https:\/\/www.recicladoslared.es\/index.php\/innovacion-en-plasticos-reciclados-clave-para-la-economia-circular\/"},"wordCount":546,"publisher":{"@id":"https:\/\/www.recicladoslared.es\/#organization"},"image":{"@id":"https:\/\/www.recicladoslared.es\/index.php\/innovacion-en-plasticos-reciclados-clave-para-la-economia-circular\/#primaryimage"},"thumbnailUrl":"https:\/\/www.recicladoslared.es\/wp-content\/uploads\/2025\/02\/image-0-1.png","keywords":["#Econom\u00edaCircular","#Innovaci\u00f3nSostenible","#Pl\u00e1sticosReciclados"],"articleSection":["Econom\u00eda Circular","Reciclaje"],"inLanguage":"es"},{"@type":"WebPage","@id":"https:\/\/www.recicladoslared.es\/index.php\/innovacion-en-plasticos-reciclados-clave-para-la-economia-circular\/","url":"https:\/\/www.recicladoslared.es\/index.php\/innovacion-en-plasticos-reciclados-clave-para-la-economia-circular\/","name":"Innovaci\u00f3n en pl\u00e1sticos reciclados: clave para la econom\u00eda circular - Reciclados LA RED","isPartOf":{"@id":"https:\/\/www.recicladoslared.es\/#website"},"primaryImageOfPage":{"@id":"https:\/\/www.recicladoslared.es\/index.php\/innovacion-en-plasticos-reciclados-clave-para-la-economia-circular\/#primaryimage"},"image":{"@id":"https:\/\/www.recicladoslared.es\/index.php\/innovacion-en-plasticos-reciclados-clave-para-la-economia-circular\/#primaryimage"},"thumbnailUrl":"https:\/\/www.recicladoslared.es\/wp-content\/uploads\/2025\/02\/image-0-1.png","datePublished":"2025-02-12T11:28:52+00:00","dateModified":"2025-02-13T11:03:04+00:00","description":"Descubre c\u00f3mo la innovaci\u00f3n en pl\u00e1sticos reciclados impulsa la econom\u00eda circular y reduce la huella de carbono en la industria.","breadcrumb":{"@id":"https:\/\/www.recicladoslared.es\/index.php\/innovacion-en-plasticos-reciclados-clave-para-la-economia-circular\/#breadcrumb"},"inLanguage":"es","potentialAction":[{"@type":"ReadAction","target":["https:\/\/www.recicladoslared.es\/index.php\/innovacion-en-plasticos-reciclados-clave-para-la-economia-circular\/"]}]},{"@type":"ImageObject","inLanguage":"es","@id":"https:\/\/www.recicladoslared.es\/index.php\/innovacion-en-plasticos-reciclados-clave-para-la-economia-circular\/#primaryimage","url":"https:\/\/www.recicladoslared.es\/wp-content\/uploads\/2025\/02\/image-0-1.png","contentUrl":"https:\/\/www.recicladoslared.es\/wp-content\/uploads\/2025\/02\/image-0-1.png","width":1792,"height":1024,"caption":"Innovaci\u00f3n en pl\u00e1sticos reciclados"},{"@type":"BreadcrumbList","@id":"https:\/\/www.recicladoslared.es\/index.php\/innovacion-en-plasticos-reciclados-clave-para-la-economia-circular\/#breadcrumb","itemListElement":[{"@type":"ListItem","position":1,"name":"Portada","item":"https:\/\/www.recicladoslared.es\/"},{"@type":"ListItem","position":2,"name":"Innovaci\u00f3n en pl\u00e1sticos reciclados: clave para la econom\u00eda circular"}]},{"@type":"WebSite","@id":"https:\/\/www.recicladoslared.es\/#website","url":"https:\/\/www.recicladoslared.es\/","name":"Reciclados La Red","description":"Planta de reciclaje de pl\u00e1stico y venta de pl\u00e1stico reciclado","publisher":{"@id":"https:\/\/www.recicladoslared.es\/#organization"},"potentialAction":[{"@type":"SearchAction","target":{"@type":"EntryPoint","urlTemplate":"https:\/\/www.recicladoslared.es\/?s={search_term_string}"},"query-input":{"@type":"PropertyValueSpecification","valueRequired":true,"valueName":"search_term_string"}}],"inLanguage":"es"},{"@type":"Organization","@id":"https:\/\/www.recicladoslared.es\/#organization","name":"Reciclados La Red","url":"https:\/\/www.recicladoslared.es\/","logo":{"@type":"ImageObject","inLanguage":"es","@id":"https:\/\/www.recicladoslared.es\/#\/schema\/logo\/image\/","url":"https:\/\/www.recicladoslared.es\/wp-content\/uploads\/2023\/05\/Logo-La-Red-Transpa-2.png","contentUrl":"https:\/\/www.recicladoslared.es\/wp-content\/uploads\/2023\/05\/Logo-La-Red-Transpa-2.png","width":600,"height":400,"caption":"Reciclados La Red"},"image":{"@id":"https:\/\/www.recicladoslared.es\/#\/schema\/logo\/image\/"},"sameAs":["https:\/\/www.facebook.com\/recicladoslared","https:\/\/x.com\/RecicladosLaRed","https:\/\/es.linkedin.com\/company\/reciclados-la-red---reciclados-pl-sticos-serva"]},{"@type":"Person","@id":"https:\/\/www.recicladoslared.es\/#\/schema\/person\/d02916350ad909e72d0618f999f0048c","name":"webmasterMT","url":"https:\/\/www.recicladoslared.es\/index.php\/author\/webmastermt\/"}]}},"_links":{"self":[{"href":"https:\/\/www.recicladoslared.es\/index.php\/wp-json\/wp\/v2\/posts\/1689","targetHints":{"allow":["GET"]}}],"collection":[{"href":"https:\/\/www.recicladoslared.es\/index.php\/wp-json\/wp\/v2\/posts"}],"about":[{"href":"https:\/\/www.recicladoslared.es\/index.php\/wp-json\/wp\/v2\/types\/post"}],"author":[{"embeddable":true,"href":"https:\/\/www.recicladoslared.es\/index.php\/wp-json\/wp\/v2\/users\/2"}],"replies":[{"embeddable":true,"href":"https:\/\/www.recicladoslared.es\/index.php\/wp-json\/wp\/v2\/comments?post=1689"}],"version-history":[{"count":1,"href":"https:\/\/www.recicladoslared.es\/index.php\/wp-json\/wp\/v2\/posts\/1689\/revisions"}],"predecessor-version":[{"id":1691,"href":"https:\/\/www.recicladoslared.es\/index.php\/wp-json\/wp\/v2\/posts\/1689\/revisions\/1691"}],"wp:featuredmedia":[{"embeddable":true,"href":"https:\/\/www.recicladoslared.es\/index.php\/wp-json\/wp\/v2\/media\/1690"}],"wp:attachment":[{"href":"https:\/\/www.recicladoslared.es\/index.php\/wp-json\/wp\/v2\/media?parent=1689"}],"wp:term":[{"taxonomy":"category","embeddable":true,"href":"https:\/\/www.recicladoslared.es\/index.php\/wp-json\/wp\/v2\/categories?post=1689"},{"taxonomy":"post_tag","embeddable":true,"href":"https:\/\/www.recicladoslared.es\/index.php\/wp-json\/wp\/v2\/tags?post=1689"}],"curies":[{"name":"wp","href":"https:\/\/api.w.org\/{rel}","templated":true}]}}