{"id":1704,"date":"2025-03-06T12:46:42","date_gmt":"2025-03-06T12:46:42","guid":{"rendered":"https:\/\/www.recicladoslared.es\/?p=1704"},"modified":"2025-03-06T12:46:42","modified_gmt":"2025-03-06T12:46:42","slug":"clasificacion-avanzada-clave-para-reducir-impacto-climatico","status":"publish","type":"post","link":"https:\/\/www.recicladoslared.es\/index.php\/clasificacion-avanzada-clave-para-reducir-impacto-climatico\/","title":{"rendered":"Clasificaci\u00f3n Avanzada: clave para reducir impacto clim\u00e1tico"},"content":{"rendered":"<p>La gesti\u00f3n eficiente de residuos pl\u00e1sticos es crucial para mitigar el cambio clim\u00e1tico. En Reciclados La Red by Veolia, hemos adoptado la clasificaci\u00f3n avanzada para optimizar el reciclaje y reducir el impacto ambiental. Visita <a href=\"https:\/\/www.recicladoslared.es\/index.php\/proceso-de-reciclaje\/\">aqu\u00ed<\/a> nuestro proceso de reciclaje.<\/p>\n<h4>\u00bfQu\u00e9 es la Clasificaci\u00f3n Avanzada?<\/h4>\n<p>La clasificaci\u00f3n avanzada es un proceso que separa los pl\u00e1sticos por tipo de pol\u00edmero. Al separar los pl\u00e1sticos por tipo de pol\u00edmero, se mejora la calidad del reciclaje, ya que cada tipo de pl\u00e1stico puede ser procesado de manera \u00f3ptima para ser reutilizado en la fabricaci\u00f3n de nuevos productos. Esto es crucial para obtener materiales reciclados de alta calidad y para reducir el impacto ambiental del reciclaje, y \u00a0las emisiones de CO\u2082.<\/p>\n<h5>Beneficios de la Clasificaci\u00f3n Avanzada<\/h5>\n<ul>\n<li><strong>Calidad del Material Reciclado:<\/strong>\u00a0Permite obtener pl\u00e1sticos de alta pureza, ideales para nuevos productos.<\/li>\n<li><strong>Reducci\u00f3n de Emisiones:<\/strong>\u00a0Disminuye el impacto clim\u00e1tico hasta un 27%.<\/li>\n<li><strong>Econom\u00eda Circular:<\/strong>\u00a0Facilita la reutilizaci\u00f3n continua de materiales.<\/li>\n<\/ul>\n<h4>Impacto Ambiental y Econ\u00f3mico<\/h4>\n<p>Un informe del Instituto Sueco de Investigaci\u00f3n Medioambiental IVL destaca que la clasificaci\u00f3n avanzada reduce significativamente las emisiones de gases de efecto invernadero.<\/p>\n<h5>Econom\u00eda Circular y Sostenibilidad<\/h5>\n<p>La clasificaci\u00f3n avanzada no solo reduce emisiones, sino que tambi\u00e9n promueve un modelo de econom\u00eda circular, disminuyendo la dependencia de materias primas v\u00edrgenes.<\/p>\n<h4>Implementaci\u00f3n en Reciclados La Red by Veolia<\/h4>\n<p>En nuestra empresa, hemos integrado tecnolog\u00edas innovadoras para mejorar la precisi\u00f3n en la clasificaci\u00f3n de pl\u00e1sticos, optimizando nuestros procesos y resultados.<\/p>\n<h5>Competitividad y Cumplimiento Normativo<\/h5>\n<p>Adoptar estas tecnolog\u00edas nos diferencia en el mercado y asegura el cumplimiento de normativas medioambientales.<\/p>\n<p>La clasificaci\u00f3n avanzada es fundamental para mitigar el cambio clim\u00e1tico y promover la sostenibilidad. En Reciclados La Red by Veolia, estamos comprometidos con un futuro m\u00e1s verde.<\/p>\n","protected":false},"excerpt":{"rendered":"<p>La gesti\u00f3n eficiente de residuos pl\u00e1sticos es crucial para mitigar el cambio clim\u00e1tico. En Reciclados La Red by Veolia, hemos adoptado la clasificaci\u00f3n avanzada para optimizar el reciclaje y reducir el impacto ambiental. Visita aqu\u00ed nuestro proceso de reciclaje. \u00bfQu\u00e9 es la Clasificaci\u00f3n Avanzada? La clasificaci\u00f3n avanzada es un proceso que separa los pl\u00e1sticos por [&hellip;]<\/p>\n","protected":false},"author":2,"featured_media":1706,"comment_status":"closed","ping_status":"closed","sticky":false,"template":"","format":"standard","meta":{"_et_pb_use_builder":"","_et_pb_old_content":"","_et_gb_content_width":"","footnotes":""},"categories":[140,163,138],"tags":[167,60,165],"class_list":["post-1704","post","type-post","status-publish","format-standard","has-post-thumbnail","hentry","category-innovacion","category-medio-ambiente","category-sostenibilidad","tag-clasificacion-avanzada","tag-economia-circular","tag-reciclaje-de-plasticos"],"yoast_head":"<!-- This site is optimized with the Yoast SEO plugin v24.9 - https:\/\/yoast.com\/wordpress\/plugins\/seo\/ -->\n<title>Clasificaci\u00f3n Avanzada: clave para reducir impacto clim\u00e1tico - Reciclados LA RED<\/title>\n<meta name=\"description\" content=\"La clasificaci\u00f3n avanzada en reciclaje de pl\u00e1sticos reduce el impacto clim\u00e1tico hasta un 27%, promoviendo una econom\u00eda circular sostenible.\" \/>\n<meta name=\"robots\" content=\"index, follow, max-snippet:-1, max-image-preview:large, max-video-preview:-1\" \/>\n<link rel=\"canonical\" href=\"https:\/\/www.recicladoslared.es\/index.php\/clasificacion-avanzada-clave-para-reducir-impacto-climatico\/\" \/>\n<meta property=\"og:locale\" content=\"es_ES\" \/>\n<meta property=\"og:type\" content=\"article\" \/>\n<meta property=\"og:title\" content=\"Clasificaci\u00f3n Avanzada: clave para reducir impacto clim\u00e1tico - Reciclados LA RED\" \/>\n<meta property=\"og:description\" content=\"La clasificaci\u00f3n avanzada en reciclaje de pl\u00e1sticos reduce el impacto clim\u00e1tico hasta un 27%, promoviendo una econom\u00eda circular sostenible.\" \/>\n<meta property=\"og:url\" content=\"https:\/\/www.recicladoslared.es\/index.php\/clasificacion-avanzada-clave-para-reducir-impacto-climatico\/\" \/>\n<meta property=\"og:site_name\" content=\"Reciclados LA RED\" \/>\n<meta property=\"article:publisher\" content=\"https:\/\/www.facebook.com\/recicladoslared\" \/>\n<meta property=\"article:published_time\" content=\"2025-03-06T12:46:42+00:00\" \/>\n<meta property=\"og:image\" content=\"https:\/\/www.recicladoslared.es\/wp-content\/uploads\/2025\/03\/image-1.jpg\" \/>\n\t<meta property=\"og:image:width\" content=\"1344\" \/>\n\t<meta property=\"og:image:height\" content=\"768\" \/>\n\t<meta property=\"og:image:type\" content=\"image\/jpeg\" \/>\n<meta name=\"author\" content=\"webmasterMT\" \/>\n<meta name=\"twitter:card\" content=\"summary_large_image\" \/>\n<meta name=\"twitter:creator\" content=\"@RecicladosLaRed\" \/>\n<meta name=\"twitter:site\" content=\"@RecicladosLaRed\" \/>\n<meta name=\"twitter:label1\" content=\"Escrito por\" \/>\n\t<meta name=\"twitter:data1\" content=\"webmasterMT\" \/>\n\t<meta name=\"twitter:label2\" content=\"Tiempo de lectura\" \/>\n\t<meta name=\"twitter:data2\" content=\"2 minutos\" \/>\n<script type=\"application\/ld+json\" class=\"yoast-schema-graph\">{\"@context\":\"https:\/\/schema.org\",\"@graph\":[{\"@type\":\"Article\",\"@id\":\"https:\/\/www.recicladoslared.es\/index.php\/clasificacion-avanzada-clave-para-reducir-impacto-climatico\/#article\",\"isPartOf\":{\"@id\":\"https:\/\/www.recicladoslared.es\/index.php\/clasificacion-avanzada-clave-para-reducir-impacto-climatico\/\"},\"author\":{\"name\":\"webmasterMT\",\"@id\":\"https:\/\/www.recicladoslared.es\/#\/schema\/person\/d02916350ad909e72d0618f999f0048c\"},\"headline\":\"Clasificaci\u00f3n Avanzada: clave para reducir impacto clim\u00e1tico\",\"datePublished\":\"2025-03-06T12:46:42+00:00\",\"mainEntityOfPage\":{\"@id\":\"https:\/\/www.recicladoslared.es\/index.php\/clasificacion-avanzada-clave-para-reducir-impacto-climatico\/\"},\"wordCount\":324,\"publisher\":{\"@id\":\"https:\/\/www.recicladoslared.es\/#organization\"},\"image\":{\"@id\":\"https:\/\/www.recicladoslared.es\/index.php\/clasificacion-avanzada-clave-para-reducir-impacto-climatico\/#primaryimage\"},\"thumbnailUrl\":\"https:\/\/www.recicladoslared.es\/wp-content\/uploads\/2025\/03\/image-1.jpg\",\"keywords\":[\"Clasificaci\u00f3n Avanzada\",\"econom\u00eda circular\",\"Reciclaje de Pl\u00e1sticos\"],\"articleSection\":[\"Innovaci\u00f3n\",\"Medio Ambiente\",\"Sostenibilidad\"],\"inLanguage\":\"es\"},{\"@type\":\"WebPage\",\"@id\":\"https:\/\/www.recicladoslared.es\/index.php\/clasificacion-avanzada-clave-para-reducir-impacto-climatico\/\",\"url\":\"https:\/\/www.recicladoslared.es\/index.php\/clasificacion-avanzada-clave-para-reducir-impacto-climatico\/\",\"name\":\"Clasificaci\u00f3n Avanzada: clave para reducir impacto clim\u00e1tico - Reciclados LA RED\",\"isPartOf\":{\"@id\":\"https:\/\/www.recicladoslared.es\/#website\"},\"primaryImageOfPage\":{\"@id\":\"https:\/\/www.recicladoslared.es\/index.php\/clasificacion-avanzada-clave-para-reducir-impacto-climatico\/#primaryimage\"},\"image\":{\"@id\":\"https:\/\/www.recicladoslared.es\/index.php\/clasificacion-avanzada-clave-para-reducir-impacto-climatico\/#primaryimage\"},\"thumbnailUrl\":\"https:\/\/www.recicladoslared.es\/wp-content\/uploads\/2025\/03\/image-1.jpg\",\"datePublished\":\"2025-03-06T12:46:42+00:00\",\"description\":\"La clasificaci\u00f3n avanzada en reciclaje de pl\u00e1sticos reduce el impacto clim\u00e1tico hasta un 27%, promoviendo una econom\u00eda circular sostenible.\",\"breadcrumb\":{\"@id\":\"https:\/\/www.recicladoslared.es\/index.php\/clasificacion-avanzada-clave-para-reducir-impacto-climatico\/#breadcrumb\"},\"inLanguage\":\"es\",\"potentialAction\":[{\"@type\":\"ReadAction\",\"target\":[\"https:\/\/www.recicladoslared.es\/index.php\/clasificacion-avanzada-clave-para-reducir-impacto-climatico\/\"]}]},{\"@type\":\"ImageObject\",\"inLanguage\":\"es\",\"@id\":\"https:\/\/www.recicladoslared.es\/index.php\/clasificacion-avanzada-clave-para-reducir-impacto-climatico\/#primaryimage\",\"url\":\"https:\/\/www.recicladoslared.es\/wp-content\/uploads\/2025\/03\/image-1.jpg\",\"contentUrl\":\"https:\/\/www.recicladoslared.es\/wp-content\/uploads\/2025\/03\/image-1.jpg\",\"width\":1344,\"height\":768,\"caption\":\"Planta de reciclaje con tecnolog\u00eda de clasificaci\u00f3n avanzada.\"},{\"@type\":\"BreadcrumbList\",\"@id\":\"https:\/\/www.recicladoslared.es\/index.php\/clasificacion-avanzada-clave-para-reducir-impacto-climatico\/#breadcrumb\",\"itemListElement\":[{\"@type\":\"ListItem\",\"position\":1,\"name\":\"Portada\",\"item\":\"https:\/\/www.recicladoslared.es\/\"},{\"@type\":\"ListItem\",\"position\":2,\"name\":\"Clasificaci\u00f3n Avanzada: clave para reducir impacto clim\u00e1tico\"}]},{\"@type\":\"WebSite\",\"@id\":\"https:\/\/www.recicladoslared.es\/#website\",\"url\":\"https:\/\/www.recicladoslared.es\/\",\"name\":\"Reciclados La Red\",\"description\":\"Planta de reciclaje de pl\u00e1stico y venta de pl\u00e1stico reciclado\",\"publisher\":{\"@id\":\"https:\/\/www.recicladoslared.es\/#organization\"},\"potentialAction\":[{\"@type\":\"SearchAction\",\"target\":{\"@type\":\"EntryPoint\",\"urlTemplate\":\"https:\/\/www.recicladoslared.es\/?s={search_term_string}\"},\"query-input\":{\"@type\":\"PropertyValueSpecification\",\"valueRequired\":true,\"valueName\":\"search_term_string\"}}],\"inLanguage\":\"es\"},{\"@type\":\"Organization\",\"@id\":\"https:\/\/www.recicladoslared.es\/#organization\",\"name\":\"Reciclados La Red\",\"url\":\"https:\/\/www.recicladoslared.es\/\",\"logo\":{\"@type\":\"ImageObject\",\"inLanguage\":\"es\",\"@id\":\"https:\/\/www.recicladoslared.es\/#\/schema\/logo\/image\/\",\"url\":\"https:\/\/www.recicladoslared.es\/wp-content\/uploads\/2023\/05\/Logo-La-Red-Transpa-2.png\",\"contentUrl\":\"https:\/\/www.recicladoslared.es\/wp-content\/uploads\/2023\/05\/Logo-La-Red-Transpa-2.png\",\"width\":600,\"height\":400,\"caption\":\"Reciclados La Red\"},\"image\":{\"@id\":\"https:\/\/www.recicladoslared.es\/#\/schema\/logo\/image\/\"},\"sameAs\":[\"https:\/\/www.facebook.com\/recicladoslared\",\"https:\/\/x.com\/RecicladosLaRed\",\"https:\/\/es.linkedin.com\/company\/reciclados-la-red---reciclados-pl-sticos-serva\"]},{\"@type\":\"Person\",\"@id\":\"https:\/\/www.recicladoslared.es\/#\/schema\/person\/d02916350ad909e72d0618f999f0048c\",\"name\":\"webmasterMT\",\"url\":\"https:\/\/www.recicladoslared.es\/index.php\/author\/webmastermt\/\"}]}<\/script>\n<!-- \/ Yoast SEO plugin. -->","yoast_head_json":{"title":"Clasificaci\u00f3n Avanzada: clave para reducir impacto clim\u00e1tico - Reciclados LA RED","description":"La clasificaci\u00f3n avanzada en reciclaje de pl\u00e1sticos reduce el impacto clim\u00e1tico hasta un 27%, promoviendo una econom\u00eda circular sostenible.","robots":{"index":"index","follow":"follow","max-snippet":"max-snippet:-1","max-image-preview":"max-image-preview:large","max-video-preview":"max-video-preview:-1"},"canonical":"https:\/\/www.recicladoslared.es\/index.php\/clasificacion-avanzada-clave-para-reducir-impacto-climatico\/","og_locale":"es_ES","og_type":"article","og_title":"Clasificaci\u00f3n Avanzada: clave para reducir impacto clim\u00e1tico - Reciclados LA RED","og_description":"La clasificaci\u00f3n avanzada en reciclaje de pl\u00e1sticos reduce el impacto clim\u00e1tico hasta un 27%, promoviendo una econom\u00eda circular sostenible.","og_url":"https:\/\/www.recicladoslared.es\/index.php\/clasificacion-avanzada-clave-para-reducir-impacto-climatico\/","og_site_name":"Reciclados LA RED","article_publisher":"https:\/\/www.facebook.com\/recicladoslared","article_published_time":"2025-03-06T12:46:42+00:00","og_image":[{"width":1344,"height":768,"url":"https:\/\/www.recicladoslared.es\/wp-content\/uploads\/2025\/03\/image-1.jpg","type":"image\/jpeg"}],"author":"webmasterMT","twitter_card":"summary_large_image","twitter_creator":"@RecicladosLaRed","twitter_site":"@RecicladosLaRed","twitter_misc":{"Escrito por":"webmasterMT","Tiempo de lectura":"2 minutos"},"schema":{"@context":"https:\/\/schema.org","@graph":[{"@type":"Article","@id":"https:\/\/www.recicladoslared.es\/index.php\/clasificacion-avanzada-clave-para-reducir-impacto-climatico\/#article","isPartOf":{"@id":"https:\/\/www.recicladoslared.es\/index.php\/clasificacion-avanzada-clave-para-reducir-impacto-climatico\/"},"author":{"name":"webmasterMT","@id":"https:\/\/www.recicladoslared.es\/#\/schema\/person\/d02916350ad909e72d0618f999f0048c"},"headline":"Clasificaci\u00f3n Avanzada: clave para reducir impacto clim\u00e1tico","datePublished":"2025-03-06T12:46:42+00:00","mainEntityOfPage":{"@id":"https:\/\/www.recicladoslared.es\/index.php\/clasificacion-avanzada-clave-para-reducir-impacto-climatico\/"},"wordCount":324,"publisher":{"@id":"https:\/\/www.recicladoslared.es\/#organization"},"image":{"@id":"https:\/\/www.recicladoslared.es\/index.php\/clasificacion-avanzada-clave-para-reducir-impacto-climatico\/#primaryimage"},"thumbnailUrl":"https:\/\/www.recicladoslared.es\/wp-content\/uploads\/2025\/03\/image-1.jpg","keywords":["Clasificaci\u00f3n Avanzada","econom\u00eda circular","Reciclaje de Pl\u00e1sticos"],"articleSection":["Innovaci\u00f3n","Medio Ambiente","Sostenibilidad"],"inLanguage":"es"},{"@type":"WebPage","@id":"https:\/\/www.recicladoslared.es\/index.php\/clasificacion-avanzada-clave-para-reducir-impacto-climatico\/","url":"https:\/\/www.recicladoslared.es\/index.php\/clasificacion-avanzada-clave-para-reducir-impacto-climatico\/","name":"Clasificaci\u00f3n Avanzada: clave para reducir impacto clim\u00e1tico - Reciclados LA RED","isPartOf":{"@id":"https:\/\/www.recicladoslared.es\/#website"},"primaryImageOfPage":{"@id":"https:\/\/www.recicladoslared.es\/index.php\/clasificacion-avanzada-clave-para-reducir-impacto-climatico\/#primaryimage"},"image":{"@id":"https:\/\/www.recicladoslared.es\/index.php\/clasificacion-avanzada-clave-para-reducir-impacto-climatico\/#primaryimage"},"thumbnailUrl":"https:\/\/www.recicladoslared.es\/wp-content\/uploads\/2025\/03\/image-1.jpg","datePublished":"2025-03-06T12:46:42+00:00","description":"La clasificaci\u00f3n avanzada en reciclaje de pl\u00e1sticos reduce el impacto clim\u00e1tico hasta un 27%, promoviendo una econom\u00eda circular sostenible.","breadcrumb":{"@id":"https:\/\/www.recicladoslared.es\/index.php\/clasificacion-avanzada-clave-para-reducir-impacto-climatico\/#breadcrumb"},"inLanguage":"es","potentialAction":[{"@type":"ReadAction","target":["https:\/\/www.recicladoslared.es\/index.php\/clasificacion-avanzada-clave-para-reducir-impacto-climatico\/"]}]},{"@type":"ImageObject","inLanguage":"es","@id":"https:\/\/www.recicladoslared.es\/index.php\/clasificacion-avanzada-clave-para-reducir-impacto-climatico\/#primaryimage","url":"https:\/\/www.recicladoslared.es\/wp-content\/uploads\/2025\/03\/image-1.jpg","contentUrl":"https:\/\/www.recicladoslared.es\/wp-content\/uploads\/2025\/03\/image-1.jpg","width":1344,"height":768,"caption":"Planta de reciclaje con tecnolog\u00eda de clasificaci\u00f3n avanzada."},{"@type":"BreadcrumbList","@id":"https:\/\/www.recicladoslared.es\/index.php\/clasificacion-avanzada-clave-para-reducir-impacto-climatico\/#breadcrumb","itemListElement":[{"@type":"ListItem","position":1,"name":"Portada","item":"https:\/\/www.recicladoslared.es\/"},{"@type":"ListItem","position":2,"name":"Clasificaci\u00f3n Avanzada: clave para reducir impacto clim\u00e1tico"}]},{"@type":"WebSite","@id":"https:\/\/www.recicladoslared.es\/#website","url":"https:\/\/www.recicladoslared.es\/","name":"Reciclados La Red","description":"Planta de reciclaje de pl\u00e1stico y venta de pl\u00e1stico reciclado","publisher":{"@id":"https:\/\/www.recicladoslared.es\/#organization"},"potentialAction":[{"@type":"SearchAction","target":{"@type":"EntryPoint","urlTemplate":"https:\/\/www.recicladoslared.es\/?s={search_term_string}"},"query-input":{"@type":"PropertyValueSpecification","valueRequired":true,"valueName":"search_term_string"}}],"inLanguage":"es"},{"@type":"Organization","@id":"https:\/\/www.recicladoslared.es\/#organization","name":"Reciclados La Red","url":"https:\/\/www.recicladoslared.es\/","logo":{"@type":"ImageObject","inLanguage":"es","@id":"https:\/\/www.recicladoslared.es\/#\/schema\/logo\/image\/","url":"https:\/\/www.recicladoslared.es\/wp-content\/uploads\/2023\/05\/Logo-La-Red-Transpa-2.png","contentUrl":"https:\/\/www.recicladoslared.es\/wp-content\/uploads\/2023\/05\/Logo-La-Red-Transpa-2.png","width":600,"height":400,"caption":"Reciclados La Red"},"image":{"@id":"https:\/\/www.recicladoslared.es\/#\/schema\/logo\/image\/"},"sameAs":["https:\/\/www.facebook.com\/recicladoslared","https:\/\/x.com\/RecicladosLaRed","https:\/\/es.linkedin.com\/company\/reciclados-la-red---reciclados-pl-sticos-serva"]},{"@type":"Person","@id":"https:\/\/www.recicladoslared.es\/#\/schema\/person\/d02916350ad909e72d0618f999f0048c","name":"webmasterMT","url":"https:\/\/www.recicladoslared.es\/index.php\/author\/webmastermt\/"}]}},"_links":{"self":[{"href":"https:\/\/www.recicladoslared.es\/index.php\/wp-json\/wp\/v2\/posts\/1704","targetHints":{"allow":["GET"]}}],"collection":[{"href":"https:\/\/www.recicladoslared.es\/index.php\/wp-json\/wp\/v2\/posts"}],"about":[{"href":"https:\/\/www.recicladoslared.es\/index.php\/wp-json\/wp\/v2\/types\/post"}],"author":[{"embeddable":true,"href":"https:\/\/www.recicladoslared.es\/index.php\/wp-json\/wp\/v2\/users\/2"}],"replies":[{"embeddable":true,"href":"https:\/\/www.recicladoslared.es\/index.php\/wp-json\/wp\/v2\/comments?post=1704"}],"version-history":[{"count":1,"href":"https:\/\/www.recicladoslared.es\/index.php\/wp-json\/wp\/v2\/posts\/1704\/revisions"}],"predecessor-version":[{"id":1705,"href":"https:\/\/www.recicladoslared.es\/index.php\/wp-json\/wp\/v2\/posts\/1704\/revisions\/1705"}],"wp:featuredmedia":[{"embeddable":true,"href":"https:\/\/www.recicladoslared.es\/index.php\/wp-json\/wp\/v2\/media\/1706"}],"wp:attachment":[{"href":"https:\/\/www.recicladoslared.es\/index.php\/wp-json\/wp\/v2\/media?parent=1704"}],"wp:term":[{"taxonomy":"category","embeddable":true,"href":"https:\/\/www.recicladoslared.es\/index.php\/wp-json\/wp\/v2\/categories?post=1704"},{"taxonomy":"post_tag","embeddable":true,"href":"https:\/\/www.recicladoslared.es\/index.php\/wp-json\/wp\/v2\/tags?post=1704"}],"curies":[{"name":"wp","href":"https:\/\/api.w.org\/{rel}","templated":true}]}}