{"id":1732,"date":"2025-04-09T09:37:10","date_gmt":"2025-04-09T09:37:10","guid":{"rendered":"https:\/\/www.recicladoslared.es\/?p=1732"},"modified":"2025-04-09T09:53:12","modified_gmt":"2025-04-09T09:53:12","slug":"un-vistazo-a-las-innovaciones-en-prs-europe-2025","status":"publish","type":"post","link":"https:\/\/www.recicladoslared.es\/index.php\/un-vistazo-a-las-innovaciones-en-prs-europe-2025\/","title":{"rendered":"Innovaciones y Tendencias en PRS Europe 2025"},"content":{"rendered":"<p>La feria<strong> Plastics Recycling Show Europe (PRS Europe) 2025<\/strong>, celebrada en \u00c1msterdam, se consolid\u00f3 como el mayor evento global de la industria del reciclaje de pl\u00e1sticos. Con una asistencia r\u00e9cord, el evento reuni\u00f3 a miles de profesionales y centenares de empresas de toda la cadena de valor del pl\u00e1stico. Desde recicladores, fabricantes de maquinaria y transformadores, hasta grandes marcas consumidoras, todos se dieron cita para compartir las \u00faltimas innovaciones y debatir sobre las tendencias clave del sector.<\/p>\n<p>La asistencia a <strong>PRS Europe 2025<\/strong> apunt\u00f3 a un nuevo r\u00e9cord, reflejando el r\u00e1pido crecimiento del inter\u00e9s en el reciclaje de pl\u00e1sticos. La feria cont\u00f3 con alrededor de 500 empresas expositoras, superando a los aproximadamente 480 expositores de la edici\u00f3n anterior. De hecho, muchos expositores de a\u00f1os previos ampliaron sus stands en 2025 y numerosas empresas nuevas se sumaron por primera vez, lo que oblig\u00f3 a la organizaci\u00f3n a expandir el evento a pabellones m\u00e1s grandes.<\/p>\n<p><img loading=\"lazy\" decoding=\"async\" class=\"alignnone wp-image-1739\" src=\"https:\/\/www.recicladoslared.es\/wp-content\/uploads\/2025\/04\/WhatsApp-Image-2025-04-01-at-09.05.21-1-1024x768.jpeg\" alt=\"\" width=\"478\" height=\"358\" \/> <img loading=\"lazy\" decoding=\"async\" class=\"alignnone wp-image-1738\" src=\"https:\/\/www.recicladoslared.es\/wp-content\/uploads\/2025\/04\/WhatsApp-Image-2025-04-02-at-09.49.48-2-1024x768.jpeg\" alt=\"\" width=\"476\" height=\"357\" \/> <img loading=\"lazy\" decoding=\"async\" class=\"alignnone wp-image-1737\" src=\"https:\/\/www.recicladoslared.es\/wp-content\/uploads\/2025\/04\/WhatsApp-Image-2025-04-02-at-09.49.48-1024x768.jpeg\" alt=\"\" width=\"477\" height=\"358\" \/> <img loading=\"lazy\" decoding=\"async\" class=\"alignnone wp-image-1736\" src=\"https:\/\/www.recicladoslared.es\/wp-content\/uploads\/2025\/04\/WhatsApp-Image-2025-04-02-at-09.49.49-1-1024x768.jpeg\" alt=\"\" width=\"477\" height=\"358\" \/><\/p>\n<h3>Tem\u00e1ticas principales y tendencias del sector<\/h3>\n<p>En el programa de conferencias de PRS Europe 2025 se abordaron una variedad de temas cruciales que marcan la agenda del reciclaje de pl\u00e1sticos en Europa. Una de las l\u00edneas centrales fueron las <strong>novedades legislativas y pol\u00edticas<\/strong>: se debatieron los desaf\u00edos para cumplir con las pr\u00f3ximas regulaciones europeas, como el nuevo Reglamento de Envases y Residuos de Envases (PPWR por sus siglas en ingl\u00e9s), y c\u00f3mo estas normas influir\u00e1n en el sector.<\/p>\n<p>Tambi\u00e9n se hicieron hincapi\u00e9 en las <strong>estrategias para superar los retos actuales<\/strong> del reciclaje en la UE, incluyendo v\u00edas para incrementar las tasas de recogida y clasificaci\u00f3n de residuos pl\u00e1sticos, mejorar la trazabilidad del contenido reciclado en los productos, y fomentar sinergias entre el reciclaje mec\u00e1nico y el qu\u00edmico<\/p>\n<p>Otra tendencia destacada fue el <strong>enfoque en el mercado y los objetivos de circularidad<\/strong>: se discuti\u00f3 la situaci\u00f3n del mercado de pl\u00e1sticos reciclados, la evoluci\u00f3n de la demanda y precios, y las perspectivas para lograr los ambiciosos objetivos de contenido reciclado que se han fijado las normativas y las propias empresas.<\/p>\n<p><img loading=\"lazy\" decoding=\"async\" class=\" wp-image-1733 aligncenter\" src=\"https:\/\/www.recicladoslared.es\/wp-content\/uploads\/2025\/04\/ChatGPT-Image-9-abr-2025-10_56_54.png\" alt=\"\" width=\"351\" height=\"527\" \/><\/p>\n<h3>Innovaciones tecnol\u00f3gicas destacadas<\/h3>\n<p>La feria puso un fuerte \u00e9nfasis en las innovaciones tecnol\u00f3gicas aplicadas al reciclaje, evidenciando c\u00f3mo la digitalizaci\u00f3n y la I+D est\u00e1n transformando el sector. Un espacio espec\u00edfico, el &#8216;<strong>AI Innovation Hub<\/strong>&#8216;, mostr\u00f3 las aplicaciones m\u00e1s recientes de la inteligencia artificial (IA) en los procesos de reciclaje.<\/p>\n<p>Los visitantes pudieron recorrer distintas etapas de la cadena mediante paneles interactivos y v\u00eddeos explicativos sobre IA. Adem\u00e1s, hubo demostraciones en vivo de tecnolog\u00edas emergentes, como un sistema de robots cooperativos de tipo swarm realizando la clasificaci\u00f3n aut\u00f3noma de residuos pl\u00e1sticos.<\/p>\n<p>Las soluciones basadas en IA prometen mejorar la eficiencia y precisi\u00f3n en la separaci\u00f3n de materiales, reducir la necesidad de mano de obra manual y optimizar el rendimiento de las plantas al analizar datos en tiempo real.<\/p>\n<h3>Presencia de empresas l\u00edderes y colaboraciones estrat\u00e9gicas<\/h3>\n<p>PRS Europe 2025 reuni\u00f3 a una amplia representaci\u00f3n de empresas l\u00edderes de toda la cadena industrial, sirviendo como punto de encuentro para generar sinergias y alianzas. En total participaron casi 500 compa\u00f1\u00edas expositoras, incluyendo no solo recicladores y productores de pl\u00e1stico reciclado, sino tambi\u00e9n fabricantes de maquinaria y tecnolog\u00edas punteras.<\/p>\n<p>Expusieron sus novedades proveedores de materiales y compuestos pl\u00e1sticos, preprocesadores de residuos, recicladores tanto mec\u00e1nicos como qu\u00edmicos, gestores de residuos e incluso alianzas sectoriales. Al mismo tiempo, la feria atrajo la participaci\u00f3n activa de grandes corporaciones usuarias de pl\u00e1sticos: marcas de consumo masivo y sectores afines enviaron representantes para involucrarse en las conferencias y paneles.<\/p>\n<div id=\"attachment_1735\" style=\"width: 666px\" class=\"wp-caption aligncenter\"><img loading=\"lazy\" decoding=\"async\" aria-describedby=\"caption-attachment-1735\" class=\" wp-image-1735\" src=\"https:\/\/www.recicladoslared.es\/wp-content\/uploads\/2025\/04\/WhatsApp-Image-2025-04-01-at-13.00.41.jpeg\" alt=\"\" width=\"656\" height=\"492\" \/><p id=\"caption-attachment-1735\" class=\"wp-caption-text\">Vista del stand de Reciclados La Red by Veolia en PRS Europe 2025<\/p><\/div>\n<h3>Conclusiones e impacto para la industria<\/h3>\n<p>Las conclusiones generales tras <strong>PRS Europe 2025<\/strong> son muy alentadoras para el futuro de la industria del pl\u00e1stico y la econom\u00eda circular. En primer lugar, el \u00e9xito de convocatoria confirma que el reciclaje de pl\u00e1sticos se ha convertido en un tema central para todo el sector pl\u00e1stico, y no \u00fanicamente para los recicladores especializados.<\/p>\n<p>La presencia de actores de toda la cadena de valor, desde autoridades europeas hasta usuarios finales, demostr\u00f3 que existe un consenso amplio sobre la importancia de redise\u00f1ar el ciclo de vida del pl\u00e1stico hacia la sostenibilidad.<\/p>\n<p>Los debates y novedades presentados dejaron claro que conceptos como reciclabilidad y circularidad ya no son objetivos te\u00f3ricos, sino compromisos concretos que empresas y gobiernos est\u00e1n incorporando en sus planes estrat\u00e9gicos.<\/p>\n<p>&nbsp;<\/p>\n","protected":false},"excerpt":{"rendered":"<p>La feria Plastics Recycling Show Europe (PRS Europe) 2025, celebrada en \u00c1msterdam, se consolid\u00f3 como el mayor evento global de la industria del reciclaje de pl\u00e1sticos. Con una asistencia r\u00e9cord, el evento reuni\u00f3 a miles de profesionales y centenares de empresas de toda la cadena de valor del pl\u00e1stico. Desde recicladores, fabricantes de maquinaria y [&hellip;]<\/p>\n","protected":false},"author":2,"featured_media":1734,"comment_status":"closed","ping_status":"closed","sticky":false,"template":"","format":"standard","meta":{"_et_pb_use_builder":"","_et_pb_old_content":"","_et_gb_content_width":"","footnotes":""},"categories":[189,142,140,138],"tags":[191,60,165],"class_list":["post-1732","post","type-post","status-publish","format-standard","has-post-thumbnail","hentry","category-tecnologia","category-economia-circular","category-innovacion","category-sostenibilidad","tag-innovacion-tecnologica","tag-economia-circular","tag-reciclaje-de-plasticos"],"yoast_head":"<!-- This site is optimized with the Yoast SEO plugin v24.9 - https:\/\/yoast.com\/wordpress\/plugins\/seo\/ -->\n<title>Innovaciones y Tendencias en PRS Europe 2025 - Reciclados LA RED<\/title>\n<meta name=\"description\" content=\"Descubre las innovaciones y tendencias clave del PRS Europe 2025 en reciclaje de pl\u00e1sticos. El futuro de la econom\u00eda circular.\" \/>\n<meta name=\"robots\" content=\"index, follow, max-snippet:-1, max-image-preview:large, max-video-preview:-1\" \/>\n<link rel=\"canonical\" href=\"https:\/\/www.recicladoslared.es\/index.php\/un-vistazo-a-las-innovaciones-en-prs-europe-2025\/\" \/>\n<meta property=\"og:locale\" content=\"es_ES\" \/>\n<meta property=\"og:type\" content=\"article\" \/>\n<meta property=\"og:title\" content=\"Innovaciones y Tendencias en PRS Europe 2025 - Reciclados LA RED\" \/>\n<meta property=\"og:description\" content=\"Descubre las innovaciones y tendencias clave del PRS Europe 2025 en reciclaje de pl\u00e1sticos. El futuro de la econom\u00eda circular.\" \/>\n<meta property=\"og:url\" content=\"https:\/\/www.recicladoslared.es\/index.php\/un-vistazo-a-las-innovaciones-en-prs-europe-2025\/\" \/>\n<meta property=\"og:site_name\" content=\"Reciclados LA RED\" \/>\n<meta property=\"article:publisher\" content=\"https:\/\/www.facebook.com\/recicladoslared\" \/>\n<meta property=\"article:published_time\" content=\"2025-04-09T09:37:10+00:00\" \/>\n<meta property=\"article:modified_time\" content=\"2025-04-09T09:53:12+00:00\" \/>\n<meta property=\"og:image\" content=\"https:\/\/www.recicladoslared.es\/wp-content\/uploads\/2025\/04\/WhatsApp-Image-2025-04-01-at-09.03.27.jpeg\" \/>\n\t<meta property=\"og:image:width\" content=\"1600\" \/>\n\t<meta property=\"og:image:height\" content=\"1200\" \/>\n\t<meta property=\"og:image:type\" content=\"image\/jpeg\" \/>\n<meta name=\"author\" content=\"webmasterMT\" \/>\n<meta name=\"twitter:card\" content=\"summary_large_image\" \/>\n<meta name=\"twitter:creator\" content=\"@RecicladosLaRed\" \/>\n<meta name=\"twitter:site\" content=\"@RecicladosLaRed\" \/>\n<meta name=\"twitter:label1\" content=\"Escrito por\" \/>\n\t<meta name=\"twitter:data1\" content=\"webmasterMT\" \/>\n\t<meta name=\"twitter:label2\" content=\"Tiempo de lectura\" \/>\n\t<meta name=\"twitter:data2\" content=\"5 minutos\" \/>\n<script type=\"application\/ld+json\" class=\"yoast-schema-graph\">{\"@context\":\"https:\/\/schema.org\",\"@graph\":[{\"@type\":\"Article\",\"@id\":\"https:\/\/www.recicladoslared.es\/index.php\/un-vistazo-a-las-innovaciones-en-prs-europe-2025\/#article\",\"isPartOf\":{\"@id\":\"https:\/\/www.recicladoslared.es\/index.php\/un-vistazo-a-las-innovaciones-en-prs-europe-2025\/\"},\"author\":{\"name\":\"webmasterMT\",\"@id\":\"https:\/\/www.recicladoslared.es\/#\/schema\/person\/d02916350ad909e72d0618f999f0048c\"},\"headline\":\"Innovaciones y Tendencias en PRS Europe 2025\",\"datePublished\":\"2025-04-09T09:37:10+00:00\",\"dateModified\":\"2025-04-09T09:53:12+00:00\",\"mainEntityOfPage\":{\"@id\":\"https:\/\/www.recicladoslared.es\/index.php\/un-vistazo-a-las-innovaciones-en-prs-europe-2025\/\"},\"wordCount\":781,\"publisher\":{\"@id\":\"https:\/\/www.recicladoslared.es\/#organization\"},\"image\":{\"@id\":\"https:\/\/www.recicladoslared.es\/index.php\/un-vistazo-a-las-innovaciones-en-prs-europe-2025\/#primaryimage\"},\"thumbnailUrl\":\"https:\/\/www.recicladoslared.es\/wp-content\/uploads\/2025\/04\/WhatsApp-Image-2025-04-01-at-09.03.27.jpeg\",\"keywords\":[\"\\\"Innovaci\u00f3n tecnol\u00f3gica\",\"econom\u00eda circular\",\"Reciclaje de Pl\u00e1sticos\"],\"articleSection\":[\"\\\"Tecnolog\u00eda\",\"Econom\u00eda Circular\",\"Innovaci\u00f3n\",\"Sostenibilidad\"],\"inLanguage\":\"es\"},{\"@type\":\"WebPage\",\"@id\":\"https:\/\/www.recicladoslared.es\/index.php\/un-vistazo-a-las-innovaciones-en-prs-europe-2025\/\",\"url\":\"https:\/\/www.recicladoslared.es\/index.php\/un-vistazo-a-las-innovaciones-en-prs-europe-2025\/\",\"name\":\"Innovaciones y Tendencias en PRS Europe 2025 - Reciclados LA RED\",\"isPartOf\":{\"@id\":\"https:\/\/www.recicladoslared.es\/#website\"},\"primaryImageOfPage\":{\"@id\":\"https:\/\/www.recicladoslared.es\/index.php\/un-vistazo-a-las-innovaciones-en-prs-europe-2025\/#primaryimage\"},\"image\":{\"@id\":\"https:\/\/www.recicladoslared.es\/index.php\/un-vistazo-a-las-innovaciones-en-prs-europe-2025\/#primaryimage\"},\"thumbnailUrl\":\"https:\/\/www.recicladoslared.es\/wp-content\/uploads\/2025\/04\/WhatsApp-Image-2025-04-01-at-09.03.27.jpeg\",\"datePublished\":\"2025-04-09T09:37:10+00:00\",\"dateModified\":\"2025-04-09T09:53:12+00:00\",\"description\":\"Descubre las innovaciones y tendencias clave del PRS Europe 2025 en reciclaje de pl\u00e1sticos. El futuro de la econom\u00eda circular.\",\"breadcrumb\":{\"@id\":\"https:\/\/www.recicladoslared.es\/index.php\/un-vistazo-a-las-innovaciones-en-prs-europe-2025\/#breadcrumb\"},\"inLanguage\":\"es\",\"potentialAction\":[{\"@type\":\"ReadAction\",\"target\":[\"https:\/\/www.recicladoslared.es\/index.php\/un-vistazo-a-las-innovaciones-en-prs-europe-2025\/\"]}]},{\"@type\":\"ImageObject\",\"inLanguage\":\"es\",\"@id\":\"https:\/\/www.recicladoslared.es\/index.php\/un-vistazo-a-las-innovaciones-en-prs-europe-2025\/#primaryimage\",\"url\":\"https:\/\/www.recicladoslared.es\/wp-content\/uploads\/2025\/04\/WhatsApp-Image-2025-04-01-at-09.03.27.jpeg\",\"contentUrl\":\"https:\/\/www.recicladoslared.es\/wp-content\/uploads\/2025\/04\/WhatsApp-Image-2025-04-01-at-09.03.27.jpeg\",\"width\":1600,\"height\":1200},{\"@type\":\"BreadcrumbList\",\"@id\":\"https:\/\/www.recicladoslared.es\/index.php\/un-vistazo-a-las-innovaciones-en-prs-europe-2025\/#breadcrumb\",\"itemListElement\":[{\"@type\":\"ListItem\",\"position\":1,\"name\":\"Portada\",\"item\":\"https:\/\/www.recicladoslared.es\/\"},{\"@type\":\"ListItem\",\"position\":2,\"name\":\"Innovaciones y Tendencias en PRS Europe 2025\"}]},{\"@type\":\"WebSite\",\"@id\":\"https:\/\/www.recicladoslared.es\/#website\",\"url\":\"https:\/\/www.recicladoslared.es\/\",\"name\":\"Reciclados La Red\",\"description\":\"Planta de reciclaje de pl\u00e1stico y venta de pl\u00e1stico reciclado\",\"publisher\":{\"@id\":\"https:\/\/www.recicladoslared.es\/#organization\"},\"potentialAction\":[{\"@type\":\"SearchAction\",\"target\":{\"@type\":\"EntryPoint\",\"urlTemplate\":\"https:\/\/www.recicladoslared.es\/?s={search_term_string}\"},\"query-input\":{\"@type\":\"PropertyValueSpecification\",\"valueRequired\":true,\"valueName\":\"search_term_string\"}}],\"inLanguage\":\"es\"},{\"@type\":\"Organization\",\"@id\":\"https:\/\/www.recicladoslared.es\/#organization\",\"name\":\"Reciclados La Red\",\"url\":\"https:\/\/www.recicladoslared.es\/\",\"logo\":{\"@type\":\"ImageObject\",\"inLanguage\":\"es\",\"@id\":\"https:\/\/www.recicladoslared.es\/#\/schema\/logo\/image\/\",\"url\":\"https:\/\/www.recicladoslared.es\/wp-content\/uploads\/2023\/05\/Logo-La-Red-Transpa-2.png\",\"contentUrl\":\"https:\/\/www.recicladoslared.es\/wp-content\/uploads\/2023\/05\/Logo-La-Red-Transpa-2.png\",\"width\":600,\"height\":400,\"caption\":\"Reciclados La Red\"},\"image\":{\"@id\":\"https:\/\/www.recicladoslared.es\/#\/schema\/logo\/image\/\"},\"sameAs\":[\"https:\/\/www.facebook.com\/recicladoslared\",\"https:\/\/x.com\/RecicladosLaRed\",\"https:\/\/es.linkedin.com\/company\/reciclados-la-red---reciclados-pl-sticos-serva\"]},{\"@type\":\"Person\",\"@id\":\"https:\/\/www.recicladoslared.es\/#\/schema\/person\/d02916350ad909e72d0618f999f0048c\",\"name\":\"webmasterMT\",\"url\":\"https:\/\/www.recicladoslared.es\/index.php\/author\/webmastermt\/\"}]}<\/script>\n<!-- \/ Yoast SEO plugin. -->","yoast_head_json":{"title":"Innovaciones y Tendencias en PRS Europe 2025 - Reciclados LA RED","description":"Descubre las innovaciones y tendencias clave del PRS Europe 2025 en reciclaje de pl\u00e1sticos. El futuro de la econom\u00eda circular.","robots":{"index":"index","follow":"follow","max-snippet":"max-snippet:-1","max-image-preview":"max-image-preview:large","max-video-preview":"max-video-preview:-1"},"canonical":"https:\/\/www.recicladoslared.es\/index.php\/un-vistazo-a-las-innovaciones-en-prs-europe-2025\/","og_locale":"es_ES","og_type":"article","og_title":"Innovaciones y Tendencias en PRS Europe 2025 - Reciclados LA RED","og_description":"Descubre las innovaciones y tendencias clave del PRS Europe 2025 en reciclaje de pl\u00e1sticos. El futuro de la econom\u00eda circular.","og_url":"https:\/\/www.recicladoslared.es\/index.php\/un-vistazo-a-las-innovaciones-en-prs-europe-2025\/","og_site_name":"Reciclados LA RED","article_publisher":"https:\/\/www.facebook.com\/recicladoslared","article_published_time":"2025-04-09T09:37:10+00:00","article_modified_time":"2025-04-09T09:53:12+00:00","og_image":[{"width":1600,"height":1200,"url":"https:\/\/www.recicladoslared.es\/wp-content\/uploads\/2025\/04\/WhatsApp-Image-2025-04-01-at-09.03.27.jpeg","type":"image\/jpeg"}],"author":"webmasterMT","twitter_card":"summary_large_image","twitter_creator":"@RecicladosLaRed","twitter_site":"@RecicladosLaRed","twitter_misc":{"Escrito por":"webmasterMT","Tiempo de lectura":"5 minutos"},"schema":{"@context":"https:\/\/schema.org","@graph":[{"@type":"Article","@id":"https:\/\/www.recicladoslared.es\/index.php\/un-vistazo-a-las-innovaciones-en-prs-europe-2025\/#article","isPartOf":{"@id":"https:\/\/www.recicladoslared.es\/index.php\/un-vistazo-a-las-innovaciones-en-prs-europe-2025\/"},"author":{"name":"webmasterMT","@id":"https:\/\/www.recicladoslared.es\/#\/schema\/person\/d02916350ad909e72d0618f999f0048c"},"headline":"Innovaciones y Tendencias en PRS Europe 2025","datePublished":"2025-04-09T09:37:10+00:00","dateModified":"2025-04-09T09:53:12+00:00","mainEntityOfPage":{"@id":"https:\/\/www.recicladoslared.es\/index.php\/un-vistazo-a-las-innovaciones-en-prs-europe-2025\/"},"wordCount":781,"publisher":{"@id":"https:\/\/www.recicladoslared.es\/#organization"},"image":{"@id":"https:\/\/www.recicladoslared.es\/index.php\/un-vistazo-a-las-innovaciones-en-prs-europe-2025\/#primaryimage"},"thumbnailUrl":"https:\/\/www.recicladoslared.es\/wp-content\/uploads\/2025\/04\/WhatsApp-Image-2025-04-01-at-09.03.27.jpeg","keywords":["\"Innovaci\u00f3n tecnol\u00f3gica","econom\u00eda circular","Reciclaje de Pl\u00e1sticos"],"articleSection":["\"Tecnolog\u00eda","Econom\u00eda Circular","Innovaci\u00f3n","Sostenibilidad"],"inLanguage":"es"},{"@type":"WebPage","@id":"https:\/\/www.recicladoslared.es\/index.php\/un-vistazo-a-las-innovaciones-en-prs-europe-2025\/","url":"https:\/\/www.recicladoslared.es\/index.php\/un-vistazo-a-las-innovaciones-en-prs-europe-2025\/","name":"Innovaciones y Tendencias en PRS Europe 2025 - Reciclados LA RED","isPartOf":{"@id":"https:\/\/www.recicladoslared.es\/#website"},"primaryImageOfPage":{"@id":"https:\/\/www.recicladoslared.es\/index.php\/un-vistazo-a-las-innovaciones-en-prs-europe-2025\/#primaryimage"},"image":{"@id":"https:\/\/www.recicladoslared.es\/index.php\/un-vistazo-a-las-innovaciones-en-prs-europe-2025\/#primaryimage"},"thumbnailUrl":"https:\/\/www.recicladoslared.es\/wp-content\/uploads\/2025\/04\/WhatsApp-Image-2025-04-01-at-09.03.27.jpeg","datePublished":"2025-04-09T09:37:10+00:00","dateModified":"2025-04-09T09:53:12+00:00","description":"Descubre las innovaciones y tendencias clave del PRS Europe 2025 en reciclaje de pl\u00e1sticos. El futuro de la econom\u00eda circular.","breadcrumb":{"@id":"https:\/\/www.recicladoslared.es\/index.php\/un-vistazo-a-las-innovaciones-en-prs-europe-2025\/#breadcrumb"},"inLanguage":"es","potentialAction":[{"@type":"ReadAction","target":["https:\/\/www.recicladoslared.es\/index.php\/un-vistazo-a-las-innovaciones-en-prs-europe-2025\/"]}]},{"@type":"ImageObject","inLanguage":"es","@id":"https:\/\/www.recicladoslared.es\/index.php\/un-vistazo-a-las-innovaciones-en-prs-europe-2025\/#primaryimage","url":"https:\/\/www.recicladoslared.es\/wp-content\/uploads\/2025\/04\/WhatsApp-Image-2025-04-01-at-09.03.27.jpeg","contentUrl":"https:\/\/www.recicladoslared.es\/wp-content\/uploads\/2025\/04\/WhatsApp-Image-2025-04-01-at-09.03.27.jpeg","width":1600,"height":1200},{"@type":"BreadcrumbList","@id":"https:\/\/www.recicladoslared.es\/index.php\/un-vistazo-a-las-innovaciones-en-prs-europe-2025\/#breadcrumb","itemListElement":[{"@type":"ListItem","position":1,"name":"Portada","item":"https:\/\/www.recicladoslared.es\/"},{"@type":"ListItem","position":2,"name":"Innovaciones y Tendencias en PRS Europe 2025"}]},{"@type":"WebSite","@id":"https:\/\/www.recicladoslared.es\/#website","url":"https:\/\/www.recicladoslared.es\/","name":"Reciclados La Red","description":"Planta de reciclaje de pl\u00e1stico y venta de pl\u00e1stico reciclado","publisher":{"@id":"https:\/\/www.recicladoslared.es\/#organization"},"potentialAction":[{"@type":"SearchAction","target":{"@type":"EntryPoint","urlTemplate":"https:\/\/www.recicladoslared.es\/?s={search_term_string}"},"query-input":{"@type":"PropertyValueSpecification","valueRequired":true,"valueName":"search_term_string"}}],"inLanguage":"es"},{"@type":"Organization","@id":"https:\/\/www.recicladoslared.es\/#organization","name":"Reciclados La Red","url":"https:\/\/www.recicladoslared.es\/","logo":{"@type":"ImageObject","inLanguage":"es","@id":"https:\/\/www.recicladoslared.es\/#\/schema\/logo\/image\/","url":"https:\/\/www.recicladoslared.es\/wp-content\/uploads\/2023\/05\/Logo-La-Red-Transpa-2.png","contentUrl":"https:\/\/www.recicladoslared.es\/wp-content\/uploads\/2023\/05\/Logo-La-Red-Transpa-2.png","width":600,"height":400,"caption":"Reciclados La Red"},"image":{"@id":"https:\/\/www.recicladoslared.es\/#\/schema\/logo\/image\/"},"sameAs":["https:\/\/www.facebook.com\/recicladoslared","https:\/\/x.com\/RecicladosLaRed","https:\/\/es.linkedin.com\/company\/reciclados-la-red---reciclados-pl-sticos-serva"]},{"@type":"Person","@id":"https:\/\/www.recicladoslared.es\/#\/schema\/person\/d02916350ad909e72d0618f999f0048c","name":"webmasterMT","url":"https:\/\/www.recicladoslared.es\/index.php\/author\/webmastermt\/"}]}},"_links":{"self":[{"href":"https:\/\/www.recicladoslared.es\/index.php\/wp-json\/wp\/v2\/posts\/1732","targetHints":{"allow":["GET"]}}],"collection":[{"href":"https:\/\/www.recicladoslared.es\/index.php\/wp-json\/wp\/v2\/posts"}],"about":[{"href":"https:\/\/www.recicladoslared.es\/index.php\/wp-json\/wp\/v2\/types\/post"}],"author":[{"embeddable":true,"href":"https:\/\/www.recicladoslared.es\/index.php\/wp-json\/wp\/v2\/users\/2"}],"replies":[{"embeddable":true,"href":"https:\/\/www.recicladoslared.es\/index.php\/wp-json\/wp\/v2\/comments?post=1732"}],"version-history":[{"count":3,"href":"https:\/\/www.recicladoslared.es\/index.php\/wp-json\/wp\/v2\/posts\/1732\/revisions"}],"predecessor-version":[{"id":1965,"href":"https:\/\/www.recicladoslared.es\/index.php\/wp-json\/wp\/v2\/posts\/1732\/revisions\/1965"}],"wp:featuredmedia":[{"embeddable":true,"href":"https:\/\/www.recicladoslared.es\/index.php\/wp-json\/wp\/v2\/media\/1734"}],"wp:attachment":[{"href":"https:\/\/www.recicladoslared.es\/index.php\/wp-json\/wp\/v2\/media?parent=1732"}],"wp:term":[{"taxonomy":"category","embeddable":true,"href":"https:\/\/www.recicladoslared.es\/index.php\/wp-json\/wp\/v2\/categories?post=1732"},{"taxonomy":"post_tag","embeddable":true,"href":"https:\/\/www.recicladoslared.es\/index.php\/wp-json\/wp\/v2\/tags?post=1732"}],"curies":[{"name":"wp","href":"https:\/\/api.w.org\/{rel}","templated":true}]}}