{"id":1752,"date":"2025-05-19T10:22:30","date_gmt":"2025-05-19T10:22:30","guid":{"rendered":"https:\/\/www.recicladoslared.es\/?p=1752"},"modified":"2025-05-19T10:39:56","modified_gmt":"2025-05-19T10:39:56","slug":"dia-mundial-reciclaje-plastico","status":"publish","type":"post","link":"https:\/\/www.recicladoslared.es\/index.php\/dia-mundial-reciclaje-plastico\/","title":{"rendered":"D\u00eda Mundial del Reciclaje: Pl\u00e1stico reciclado para un futuro sostenible"},"content":{"rendered":"<p>El 17 de mayo es una fecha se\u00f1alada en el calendario ambiental: el D\u00eda Mundial del Reciclaje. Este d\u00eda busca que reflexionemos sobre nuestros h\u00e1bitos de consumo y de gesti\u00f3n de residuos, especialmente del pl\u00e1stico, uno de los materiales m\u00e1s prevalentes y controvertidos de nuestro tiempo. <span style=\"color: #ffffff;\">Pl\u00e1stico reciclado.\u00a0<\/span><\/p>\n<p>Desde Reciclados La Red by Veolia, queremos mostrarte por qu\u00e9 el reciclaje de pl\u00e1stico es esencial para conseguir una econom\u00eda circular eficiente y responsable. \u00bfPor qu\u00e9 celebramos el D\u00eda Mundial del Reciclaje?<\/p>\n<p><img loading=\"lazy\" decoding=\"async\" class=\"wp-image-1754 aligncenter\" src=\"https:\/\/www.recicladoslared.es\/wp-content\/uploads\/2025\/05\/MG_4840-1-1024x683.jpg\" alt=\"Instalaciones de reciclaje de pl\u00e1stico en Espa\u00f1a optimizadas para sostenibilidad\" width=\"816\" height=\"544\" \/><\/p>\n<h4><\/h4>\n<h4><strong>Origen y objetivos del D\u00eda Mundial del Reciclaje<\/strong><\/h4>\n<p>Esta efem\u00e9ride, promovida por la UNESCO, busca aumentar la conciencia sobre la importancia de reutilizar y reciclar materiales para reducir la presi\u00f3n sobre los recursos naturales.<\/p>\n<p><strong>Importancia global del reciclaje de pl\u00e1stico<\/strong><\/p>\n<p>El reciclaje contribuye directamente a la reducci\u00f3n de residuos y emisiones de CO2. El pl\u00e1stico reciclado evita que toneladas de residuos terminen en vertederos y oc\u00e9anos cada a\u00f1o.<\/p>\n<h4><strong>El impacto del reciclaje de pl\u00e1stico en la econom\u00eda circular<\/strong><\/h4>\n<p><strong>Ventajas ambientales del pl\u00e1stico reciclado<\/strong><\/p>\n<p>El uso de pl\u00e1stico reciclado en productos y envases reduce la extracci\u00f3n de petr\u00f3leo, ahorra energ\u00eda y disminuye significativamente la huella de carbono.<\/p>\n<p><strong>Ahorro de recursos y reducci\u00f3n de residuos<\/strong><\/p>\n<p>Cada equipo y maquinaria en Reciclados La Red by Veolia se orienta a transformar residuos en materia prima, lo que fomenta la circularidad y protege los ecosistemas.<\/p>\n<p>Datos como los de <strong>PlasticEurope<\/strong> muestran que en Europa, cada vez m\u00e1s empresas aprovechan el pl\u00e1stico reciclado, superando los 5 millones de toneladas anuales reutilizadas (fuente: <a href=\"https:\/\/plasticseurope.org\">https:\/\/plasticseurope.org<\/a>).<\/p>\n<h4><\/h4>\n<h4><strong>Reciclados La Red by Veolia: Nuestra labor en el reciclaje de pl\u00e1stico<\/strong><\/h4>\n<p><strong>Proceso de reciclaje en nuestra planta de Espa\u00f1a<\/strong><\/p>\n<p>En nuestras instalaciones, recogemos, clasificamos y tratamos residuos pl\u00e1sticos seg\u00fan los m\u00e1s estrictos est\u00e1ndares europeos. Convertimos residuos post-consumo y post-industriales en pl\u00e1stico reciclado de alta calidad, listo para ser transformado en nuevos productos.<\/p>\n<p><strong>Beneficios del pl\u00e1stico reciclado para empresas y consumidores<\/strong><\/p>\n<p>El pl\u00e1stico reciclado es una alternativa v\u00e1lida y sostenible, ideal para sectores como el packaging, la automoci\u00f3n o la construcci\u00f3n. Aporta beneficios econ\u00f3micos y medioambientales evidentes. reciclaje de pl\u00e1stico<\/p>\n<h4><strong>C\u00f3mo puedes contribuir al reciclaje de pl\u00e1stico<\/strong><\/h4>\n<p><strong>Consejos pr\u00e1cticos para mejorar el reciclaje en casa y en la oficina<\/strong><\/p>\n<ul>\n<li>Separa correctamente los tipos de pl\u00e1sticos en los contenedores amarillos.<\/li>\n<li>Reduce el consumo de pl\u00e1sticos de un solo uso.<\/li>\n<li>Inf\u00f3rmate sobre los puntos limpios de tu ciudad.<\/li>\n<li>La importancia de la separaci\u00f3n y recogida selectiva<\/li>\n<li>Una correcta separaci\u00f3n facilita el reciclaje, incrementando la calidad de los materiales recuperados y evitando rechazos. Aprende a leer bien las etiquetas y sigue las campa\u00f1as informativas locales.<\/li>\n<\/ul>\n<p><img loading=\"lazy\" decoding=\"async\" class=\"wp-image-1755 aligncenter\" src=\"https:\/\/www.recicladoslared.es\/wp-content\/uploads\/2025\/05\/MG_4730-1024x683.jpg\" alt=\"Instalaciones de reciclaje de pl\u00e1stico en Espa\u00f1a optimizadas para sostenibilidad\" width=\"802\" height=\"535\" \/><\/p>\n<h4><\/h4>\n<h4><strong>El futuro del pl\u00e1stico reciclado en Espa\u00f1a y el mundo<\/strong><\/h4>\n<p><strong>Innovaciones y tendencias en reciclaje de pl\u00e1sticos<\/strong><\/p>\n<p>La implementaci\u00f3n de nuevas tecnolog\u00edas o las nuevas resinas recicladas avanzan en eficiencia y pureza, abriendo nuevas aplicaciones para el pl\u00e1stico reciclado.<\/p>\n<p><img loading=\"lazy\" decoding=\"async\" class=\"wp-image-1756 aligncenter\" src=\"https:\/\/www.recicladoslared.es\/wp-content\/uploads\/2025\/05\/10-1024x683.jpg\" alt=\"ejemplo Control calidad pl\u00e1stico reciclado\" width=\"785\" height=\"524\" \/><\/p>\n<p><strong>Apoyo institucional y nuevas normativas europeas<\/strong><\/p>\n<p>La Uni\u00f3n Europea impulsa marcos regulatorios como la Estrategia Europea del Pl\u00e1stico, exigiendo mayores tasas de reciclaje y el dise\u00f1o de envases m\u00e1s sostenibles (fuente: <a href=\"https:\/\/europa.eu\">https:\/\/europa.eu<\/a>).<\/p>\n<p>En Espa\u00f1a, el Plan Nacional Integrado de Residuos refuerza la cadena del reciclaje desde la recogida hasta el ecodise\u00f1o de nuevos productos.<\/p>\n<p>\u00bfTe animas a impulsar el reciclaje de pl\u00e1stico? Visita nuestra web y descubre c\u00f3mo podemos ayudarte a dar el siguiente paso hacia la sostenibilidad.<\/p>\n<p>El reciclaje de pl\u00e1stico es una oportunidad real para transformar residuos en recursos. Nuestro compromiso ambiental se materializa d\u00eda a d\u00eda, impulsando el cambio hacia un planeta m\u00e1s limpio y pr\u00f3spero para todos.<\/p>\n","protected":false},"excerpt":{"rendered":"<p>El 17 de mayo es una fecha se\u00f1alada en el calendario ambiental: el D\u00eda Mundial del Reciclaje. Este d\u00eda busca que reflexionemos sobre nuestros h\u00e1bitos de consumo y de gesti\u00f3n de residuos, especialmente del pl\u00e1stico, uno de los materiales m\u00e1s prevalentes y controvertidos de nuestro tiempo. Pl\u00e1stico reciclado.\u00a0 Desde Reciclados La Red by Veolia, queremos [&hellip;]<\/p>\n","protected":false},"author":2,"featured_media":1755,"comment_status":"closed","ping_status":"closed","sticky":false,"template":"","format":"standard","meta":{"_et_pb_use_builder":"","_et_pb_old_content":"","_et_gb_content_width":"","footnotes":""},"categories":[142,140,163,194,81,138],"tags":[60,62,64,58],"class_list":["post-1752","post","type-post","status-publish","format-standard","has-post-thumbnail","hentry","category-economia-circular","category-innovacion","category-medio-ambiente","category-plastico-reciclado","category-reciclaje","category-sostenibilidad","tag-economia-circular","tag-plastico-reciclado","tag-reciclaje-de-plastico","tag-sostenibilidad"],"yoast_head":"<!-- This site is optimized with the Yoast SEO plugin v24.9 - https:\/\/yoast.com\/wordpress\/plugins\/seo\/ -->\n<title>D\u00eda Mundial del Reciclaje: Pl\u00e1stico reciclado para un futuro sostenible - Reciclados LA RED<\/title>\n<meta name=\"description\" content=\"Descubre c\u00f3mo el reciclaje de pl\u00e1stico impulsa la econom\u00eda circular. Pl\u00e1stico reciclado y sostenibilidad en Reciclados La Red by Veolia.\" \/>\n<meta name=\"robots\" content=\"index, follow, max-snippet:-1, max-image-preview:large, max-video-preview:-1\" \/>\n<link rel=\"canonical\" href=\"https:\/\/www.recicladoslared.es\/index.php\/dia-mundial-reciclaje-plastico\/\" \/>\n<meta property=\"og:locale\" content=\"es_ES\" \/>\n<meta property=\"og:type\" content=\"article\" \/>\n<meta property=\"og:title\" content=\"D\u00eda Mundial del Reciclaje: Pl\u00e1stico reciclado para un futuro sostenible - Reciclados LA RED\" \/>\n<meta property=\"og:description\" content=\"Descubre c\u00f3mo el reciclaje de pl\u00e1stico impulsa la econom\u00eda circular. Pl\u00e1stico reciclado y sostenibilidad en Reciclados La Red by Veolia.\" \/>\n<meta property=\"og:url\" content=\"https:\/\/www.recicladoslared.es\/index.php\/dia-mundial-reciclaje-plastico\/\" \/>\n<meta property=\"og:site_name\" content=\"Reciclados LA RED\" \/>\n<meta property=\"article:publisher\" content=\"https:\/\/www.facebook.com\/recicladoslared\" \/>\n<meta property=\"article:published_time\" content=\"2025-05-19T10:22:30+00:00\" \/>\n<meta property=\"article:modified_time\" content=\"2025-05-19T10:39:56+00:00\" \/>\n<meta property=\"og:image\" content=\"https:\/\/www.recicladoslared.es\/wp-content\/uploads\/2025\/05\/MG_4730-scaled.jpg\" \/>\n\t<meta property=\"og:image:width\" content=\"2560\" \/>\n\t<meta property=\"og:image:height\" content=\"1707\" \/>\n\t<meta property=\"og:image:type\" content=\"image\/jpeg\" \/>\n<meta name=\"author\" content=\"webmasterMT\" \/>\n<meta name=\"twitter:card\" content=\"summary_large_image\" \/>\n<meta name=\"twitter:creator\" content=\"@RecicladosLaRed\" \/>\n<meta name=\"twitter:site\" content=\"@RecicladosLaRed\" \/>\n<meta name=\"twitter:label1\" content=\"Escrito por\" \/>\n\t<meta name=\"twitter:data1\" content=\"webmasterMT\" \/>\n\t<meta name=\"twitter:label2\" content=\"Tiempo de lectura\" \/>\n\t<meta name=\"twitter:data2\" content=\"4 minutos\" \/>\n<script type=\"application\/ld+json\" class=\"yoast-schema-graph\">{\"@context\":\"https:\/\/schema.org\",\"@graph\":[{\"@type\":\"Article\",\"@id\":\"https:\/\/www.recicladoslared.es\/index.php\/dia-mundial-reciclaje-plastico\/#article\",\"isPartOf\":{\"@id\":\"https:\/\/www.recicladoslared.es\/index.php\/dia-mundial-reciclaje-plastico\/\"},\"author\":{\"name\":\"webmasterMT\",\"@id\":\"https:\/\/www.recicladoslared.es\/#\/schema\/person\/d02916350ad909e72d0618f999f0048c\"},\"headline\":\"D\u00eda Mundial del Reciclaje: Pl\u00e1stico reciclado para un futuro sostenible\",\"datePublished\":\"2025-05-19T10:22:30+00:00\",\"dateModified\":\"2025-05-19T10:39:56+00:00\",\"mainEntityOfPage\":{\"@id\":\"https:\/\/www.recicladoslared.es\/index.php\/dia-mundial-reciclaje-plastico\/\"},\"wordCount\":654,\"publisher\":{\"@id\":\"https:\/\/www.recicladoslared.es\/#organization\"},\"image\":{\"@id\":\"https:\/\/www.recicladoslared.es\/index.php\/dia-mundial-reciclaje-plastico\/#primaryimage\"},\"thumbnailUrl\":\"https:\/\/www.recicladoslared.es\/wp-content\/uploads\/2025\/05\/MG_4730-scaled.jpg\",\"keywords\":[\"econom\u00eda circular\",\"pl\u00e1stico reciclado\",\"reciclaje de pl\u00e1stico\",\"sostenibilidad\"],\"articleSection\":[\"Econom\u00eda Circular\",\"Innovaci\u00f3n\",\"Medio Ambiente\",\"pl\u00e1stico reciclado\",\"Reciclaje\",\"Sostenibilidad\"],\"inLanguage\":\"es\"},{\"@type\":\"WebPage\",\"@id\":\"https:\/\/www.recicladoslared.es\/index.php\/dia-mundial-reciclaje-plastico\/\",\"url\":\"https:\/\/www.recicladoslared.es\/index.php\/dia-mundial-reciclaje-plastico\/\",\"name\":\"D\u00eda Mundial del Reciclaje: Pl\u00e1stico reciclado para un futuro sostenible - Reciclados LA RED\",\"isPartOf\":{\"@id\":\"https:\/\/www.recicladoslared.es\/#website\"},\"primaryImageOfPage\":{\"@id\":\"https:\/\/www.recicladoslared.es\/index.php\/dia-mundial-reciclaje-plastico\/#primaryimage\"},\"image\":{\"@id\":\"https:\/\/www.recicladoslared.es\/index.php\/dia-mundial-reciclaje-plastico\/#primaryimage\"},\"thumbnailUrl\":\"https:\/\/www.recicladoslared.es\/wp-content\/uploads\/2025\/05\/MG_4730-scaled.jpg\",\"datePublished\":\"2025-05-19T10:22:30+00:00\",\"dateModified\":\"2025-05-19T10:39:56+00:00\",\"description\":\"Descubre c\u00f3mo el reciclaje de pl\u00e1stico impulsa la econom\u00eda circular. Pl\u00e1stico reciclado y sostenibilidad en Reciclados La Red by Veolia.\",\"breadcrumb\":{\"@id\":\"https:\/\/www.recicladoslared.es\/index.php\/dia-mundial-reciclaje-plastico\/#breadcrumb\"},\"inLanguage\":\"es\",\"potentialAction\":[{\"@type\":\"ReadAction\",\"target\":[\"https:\/\/www.recicladoslared.es\/index.php\/dia-mundial-reciclaje-plastico\/\"]}]},{\"@type\":\"ImageObject\",\"inLanguage\":\"es\",\"@id\":\"https:\/\/www.recicladoslared.es\/index.php\/dia-mundial-reciclaje-plastico\/#primaryimage\",\"url\":\"https:\/\/www.recicladoslared.es\/wp-content\/uploads\/2025\/05\/MG_4730-scaled.jpg\",\"contentUrl\":\"https:\/\/www.recicladoslared.es\/wp-content\/uploads\/2025\/05\/MG_4730-scaled.jpg\",\"width\":2560,\"height\":1707,\"caption\":\"Instalaciones de reciclaje de pl\u00e1stico en Espa\u00f1a optimizadas para sostenibilidad\"},{\"@type\":\"BreadcrumbList\",\"@id\":\"https:\/\/www.recicladoslared.es\/index.php\/dia-mundial-reciclaje-plastico\/#breadcrumb\",\"itemListElement\":[{\"@type\":\"ListItem\",\"position\":1,\"name\":\"Portada\",\"item\":\"https:\/\/www.recicladoslared.es\/\"},{\"@type\":\"ListItem\",\"position\":2,\"name\":\"D\u00eda Mundial del Reciclaje: Pl\u00e1stico reciclado para un futuro sostenible\"}]},{\"@type\":\"WebSite\",\"@id\":\"https:\/\/www.recicladoslared.es\/#website\",\"url\":\"https:\/\/www.recicladoslared.es\/\",\"name\":\"Reciclados La Red\",\"description\":\"Planta de reciclaje de pl\u00e1stico y venta de pl\u00e1stico reciclado\",\"publisher\":{\"@id\":\"https:\/\/www.recicladoslared.es\/#organization\"},\"potentialAction\":[{\"@type\":\"SearchAction\",\"target\":{\"@type\":\"EntryPoint\",\"urlTemplate\":\"https:\/\/www.recicladoslared.es\/?s={search_term_string}\"},\"query-input\":{\"@type\":\"PropertyValueSpecification\",\"valueRequired\":true,\"valueName\":\"search_term_string\"}}],\"inLanguage\":\"es\"},{\"@type\":\"Organization\",\"@id\":\"https:\/\/www.recicladoslared.es\/#organization\",\"name\":\"Reciclados La Red\",\"url\":\"https:\/\/www.recicladoslared.es\/\",\"logo\":{\"@type\":\"ImageObject\",\"inLanguage\":\"es\",\"@id\":\"https:\/\/www.recicladoslared.es\/#\/schema\/logo\/image\/\",\"url\":\"https:\/\/www.recicladoslared.es\/wp-content\/uploads\/2023\/05\/Logo-La-Red-Transpa-2.png\",\"contentUrl\":\"https:\/\/www.recicladoslared.es\/wp-content\/uploads\/2023\/05\/Logo-La-Red-Transpa-2.png\",\"width\":600,\"height\":400,\"caption\":\"Reciclados La Red\"},\"image\":{\"@id\":\"https:\/\/www.recicladoslared.es\/#\/schema\/logo\/image\/\"},\"sameAs\":[\"https:\/\/www.facebook.com\/recicladoslared\",\"https:\/\/x.com\/RecicladosLaRed\",\"https:\/\/es.linkedin.com\/company\/reciclados-la-red---reciclados-pl-sticos-serva\"]},{\"@type\":\"Person\",\"@id\":\"https:\/\/www.recicladoslared.es\/#\/schema\/person\/d02916350ad909e72d0618f999f0048c\",\"name\":\"webmasterMT\",\"url\":\"https:\/\/www.recicladoslared.es\/index.php\/author\/webmastermt\/\"}]}<\/script>\n<!-- \/ Yoast SEO plugin. -->","yoast_head_json":{"title":"D\u00eda Mundial del Reciclaje: Pl\u00e1stico reciclado para un futuro sostenible - Reciclados LA RED","description":"Descubre c\u00f3mo el reciclaje de pl\u00e1stico impulsa la econom\u00eda circular. Pl\u00e1stico reciclado y sostenibilidad en Reciclados La Red by Veolia.","robots":{"index":"index","follow":"follow","max-snippet":"max-snippet:-1","max-image-preview":"max-image-preview:large","max-video-preview":"max-video-preview:-1"},"canonical":"https:\/\/www.recicladoslared.es\/index.php\/dia-mundial-reciclaje-plastico\/","og_locale":"es_ES","og_type":"article","og_title":"D\u00eda Mundial del Reciclaje: Pl\u00e1stico reciclado para un futuro sostenible - Reciclados LA RED","og_description":"Descubre c\u00f3mo el reciclaje de pl\u00e1stico impulsa la econom\u00eda circular. Pl\u00e1stico reciclado y sostenibilidad en Reciclados La Red by Veolia.","og_url":"https:\/\/www.recicladoslared.es\/index.php\/dia-mundial-reciclaje-plastico\/","og_site_name":"Reciclados LA RED","article_publisher":"https:\/\/www.facebook.com\/recicladoslared","article_published_time":"2025-05-19T10:22:30+00:00","article_modified_time":"2025-05-19T10:39:56+00:00","og_image":[{"width":2560,"height":1707,"url":"https:\/\/www.recicladoslared.es\/wp-content\/uploads\/2025\/05\/MG_4730-scaled.jpg","type":"image\/jpeg"}],"author":"webmasterMT","twitter_card":"summary_large_image","twitter_creator":"@RecicladosLaRed","twitter_site":"@RecicladosLaRed","twitter_misc":{"Escrito por":"webmasterMT","Tiempo de lectura":"4 minutos"},"schema":{"@context":"https:\/\/schema.org","@graph":[{"@type":"Article","@id":"https:\/\/www.recicladoslared.es\/index.php\/dia-mundial-reciclaje-plastico\/#article","isPartOf":{"@id":"https:\/\/www.recicladoslared.es\/index.php\/dia-mundial-reciclaje-plastico\/"},"author":{"name":"webmasterMT","@id":"https:\/\/www.recicladoslared.es\/#\/schema\/person\/d02916350ad909e72d0618f999f0048c"},"headline":"D\u00eda Mundial del Reciclaje: Pl\u00e1stico reciclado para un futuro sostenible","datePublished":"2025-05-19T10:22:30+00:00","dateModified":"2025-05-19T10:39:56+00:00","mainEntityOfPage":{"@id":"https:\/\/www.recicladoslared.es\/index.php\/dia-mundial-reciclaje-plastico\/"},"wordCount":654,"publisher":{"@id":"https:\/\/www.recicladoslared.es\/#organization"},"image":{"@id":"https:\/\/www.recicladoslared.es\/index.php\/dia-mundial-reciclaje-plastico\/#primaryimage"},"thumbnailUrl":"https:\/\/www.recicladoslared.es\/wp-content\/uploads\/2025\/05\/MG_4730-scaled.jpg","keywords":["econom\u00eda circular","pl\u00e1stico reciclado","reciclaje de pl\u00e1stico","sostenibilidad"],"articleSection":["Econom\u00eda Circular","Innovaci\u00f3n","Medio Ambiente","pl\u00e1stico reciclado","Reciclaje","Sostenibilidad"],"inLanguage":"es"},{"@type":"WebPage","@id":"https:\/\/www.recicladoslared.es\/index.php\/dia-mundial-reciclaje-plastico\/","url":"https:\/\/www.recicladoslared.es\/index.php\/dia-mundial-reciclaje-plastico\/","name":"D\u00eda Mundial del Reciclaje: Pl\u00e1stico reciclado para un futuro sostenible - Reciclados LA RED","isPartOf":{"@id":"https:\/\/www.recicladoslared.es\/#website"},"primaryImageOfPage":{"@id":"https:\/\/www.recicladoslared.es\/index.php\/dia-mundial-reciclaje-plastico\/#primaryimage"},"image":{"@id":"https:\/\/www.recicladoslared.es\/index.php\/dia-mundial-reciclaje-plastico\/#primaryimage"},"thumbnailUrl":"https:\/\/www.recicladoslared.es\/wp-content\/uploads\/2025\/05\/MG_4730-scaled.jpg","datePublished":"2025-05-19T10:22:30+00:00","dateModified":"2025-05-19T10:39:56+00:00","description":"Descubre c\u00f3mo el reciclaje de pl\u00e1stico impulsa la econom\u00eda circular. Pl\u00e1stico reciclado y sostenibilidad en Reciclados La Red by Veolia.","breadcrumb":{"@id":"https:\/\/www.recicladoslared.es\/index.php\/dia-mundial-reciclaje-plastico\/#breadcrumb"},"inLanguage":"es","potentialAction":[{"@type":"ReadAction","target":["https:\/\/www.recicladoslared.es\/index.php\/dia-mundial-reciclaje-plastico\/"]}]},{"@type":"ImageObject","inLanguage":"es","@id":"https:\/\/www.recicladoslared.es\/index.php\/dia-mundial-reciclaje-plastico\/#primaryimage","url":"https:\/\/www.recicladoslared.es\/wp-content\/uploads\/2025\/05\/MG_4730-scaled.jpg","contentUrl":"https:\/\/www.recicladoslared.es\/wp-content\/uploads\/2025\/05\/MG_4730-scaled.jpg","width":2560,"height":1707,"caption":"Instalaciones de reciclaje de pl\u00e1stico en Espa\u00f1a optimizadas para sostenibilidad"},{"@type":"BreadcrumbList","@id":"https:\/\/www.recicladoslared.es\/index.php\/dia-mundial-reciclaje-plastico\/#breadcrumb","itemListElement":[{"@type":"ListItem","position":1,"name":"Portada","item":"https:\/\/www.recicladoslared.es\/"},{"@type":"ListItem","position":2,"name":"D\u00eda Mundial del Reciclaje: Pl\u00e1stico reciclado para un futuro sostenible"}]},{"@type":"WebSite","@id":"https:\/\/www.recicladoslared.es\/#website","url":"https:\/\/www.recicladoslared.es\/","name":"Reciclados La Red","description":"Planta de reciclaje de pl\u00e1stico y venta de pl\u00e1stico reciclado","publisher":{"@id":"https:\/\/www.recicladoslared.es\/#organization"},"potentialAction":[{"@type":"SearchAction","target":{"@type":"EntryPoint","urlTemplate":"https:\/\/www.recicladoslared.es\/?s={search_term_string}"},"query-input":{"@type":"PropertyValueSpecification","valueRequired":true,"valueName":"search_term_string"}}],"inLanguage":"es"},{"@type":"Organization","@id":"https:\/\/www.recicladoslared.es\/#organization","name":"Reciclados La Red","url":"https:\/\/www.recicladoslared.es\/","logo":{"@type":"ImageObject","inLanguage":"es","@id":"https:\/\/www.recicladoslared.es\/#\/schema\/logo\/image\/","url":"https:\/\/www.recicladoslared.es\/wp-content\/uploads\/2023\/05\/Logo-La-Red-Transpa-2.png","contentUrl":"https:\/\/www.recicladoslared.es\/wp-content\/uploads\/2023\/05\/Logo-La-Red-Transpa-2.png","width":600,"height":400,"caption":"Reciclados La Red"},"image":{"@id":"https:\/\/www.recicladoslared.es\/#\/schema\/logo\/image\/"},"sameAs":["https:\/\/www.facebook.com\/recicladoslared","https:\/\/x.com\/RecicladosLaRed","https:\/\/es.linkedin.com\/company\/reciclados-la-red---reciclados-pl-sticos-serva"]},{"@type":"Person","@id":"https:\/\/www.recicladoslared.es\/#\/schema\/person\/d02916350ad909e72d0618f999f0048c","name":"webmasterMT","url":"https:\/\/www.recicladoslared.es\/index.php\/author\/webmastermt\/"}]}},"_links":{"self":[{"href":"https:\/\/www.recicladoslared.es\/index.php\/wp-json\/wp\/v2\/posts\/1752","targetHints":{"allow":["GET"]}}],"collection":[{"href":"https:\/\/www.recicladoslared.es\/index.php\/wp-json\/wp\/v2\/posts"}],"about":[{"href":"https:\/\/www.recicladoslared.es\/index.php\/wp-json\/wp\/v2\/types\/post"}],"author":[{"embeddable":true,"href":"https:\/\/www.recicladoslared.es\/index.php\/wp-json\/wp\/v2\/users\/2"}],"replies":[{"embeddable":true,"href":"https:\/\/www.recicladoslared.es\/index.php\/wp-json\/wp\/v2\/comments?post=1752"}],"version-history":[{"count":5,"href":"https:\/\/www.recicladoslared.es\/index.php\/wp-json\/wp\/v2\/posts\/1752\/revisions"}],"predecessor-version":[{"id":1760,"href":"https:\/\/www.recicladoslared.es\/index.php\/wp-json\/wp\/v2\/posts\/1752\/revisions\/1760"}],"wp:featuredmedia":[{"embeddable":true,"href":"https:\/\/www.recicladoslared.es\/index.php\/wp-json\/wp\/v2\/media\/1755"}],"wp:attachment":[{"href":"https:\/\/www.recicladoslared.es\/index.php\/wp-json\/wp\/v2\/media?parent=1752"}],"wp:term":[{"taxonomy":"category","embeddable":true,"href":"https:\/\/www.recicladoslared.es\/index.php\/wp-json\/wp\/v2\/categories?post=1752"},{"taxonomy":"post_tag","embeddable":true,"href":"https:\/\/www.recicladoslared.es\/index.php\/wp-json\/wp\/v2\/tags?post=1752"}],"curies":[{"name":"wp","href":"https:\/\/api.w.org\/{rel}","templated":true}]}}