{"id":1799,"date":"2025-06-26T09:04:51","date_gmt":"2025-06-26T09:04:51","guid":{"rendered":"https:\/\/www.recicladoslared.es\/?p=1799"},"modified":"2025-06-26T09:04:51","modified_gmt":"2025-06-26T09:04:51","slug":"plastico-reciclado-vehiculos-normativa-ue","status":"publish","type":"post","link":"https:\/\/www.recicladoslared.es\/index.php\/plastico-reciclado-vehiculos-normativa-ue\/","title":{"rendered":"El auge del pl\u00e1stico reciclado en automoci\u00f3n tras las nuevas normas de la UE"},"content":{"rendered":"<h2>La nueva normativa europea sobre pl\u00e1stico reciclado en veh\u00edculos<\/h2>\n<h3>\u00bfEn qu\u00e9 consiste el acuerdo de la UE?<\/h3>\n<p>La Uni\u00f3n Europea ha alcanzado un hist\u00f3rico acuerdo para fomentar el uso de pl\u00e1stico reciclado en la industria automotriz. Esta iniciativa obligar\u00e1 a los fabricantes a incorporar porcentajes m\u00ednimos de pl\u00e1stico reciclado en componentes clave de los veh\u00edculos nuevos, como parachoques, paneles y salpicaderos.<\/p>\n<h3>\u00bfPor qu\u00e9 es necesaria esta medida?<\/h3>\n<p>Actualmente, solo una fracci\u00f3n de los pl\u00e1sticos de un veh\u00edculo se recicla efectivamente. Con esta norma, la UE quiere reducir la dependencia de materiales v\u00edrgenes y disminuir el impacto ambiental de los coches. Seg\u00fan la Comisi\u00f3n Europea, los residuos pl\u00e1sticos de automoci\u00f3n representan una parte significativa del total anual generado en la UE.<\/p>\n<p><img loading=\"lazy\" decoding=\"async\" class=\"aligncenter wp-image-1800 size-large\" src=\"https:\/\/www.recicladoslared.es\/wp-content\/uploads\/2025\/06\/image-0-8-1024x585.png\" alt=\"Componentes de veh\u00edculos fabricados con pl\u00e1stico reciclado.\" width=\"1024\" height=\"585\" srcset=\"https:\/\/www.recicladoslared.es\/wp-content\/uploads\/2025\/06\/image-0-8-980x560.png 980w, https:\/\/www.recicladoslared.es\/wp-content\/uploads\/2025\/06\/image-0-8-480x274.png 480w\" sizes=\"(min-width: 0px) and (max-width: 480px) 480px, (min-width: 481px) and (max-width: 980px) 980px, (min-width: 981px) 1024px, 100vw\" \/><\/p>\n<h2>Impacto para la industria del reciclaje de pl\u00e1stico<\/h2>\n<h3>Un impulso sin precedentes para los recicladores<\/h3>\n<p>La creaci\u00f3n de un mercado europeo m\u00e1s amplio y regulado para el pl\u00e1stico reciclado supone una revoluci\u00f3n para empresas como <strong>Reciclados La Red by Veolia<\/strong>. Este nuevo marco normativo aumentar\u00e1 la demanda de materiales reciclados de alta calidad. Adem\u00e1s, impulsar\u00e1 la modernizaci\u00f3n de los procesos y el crecimiento del empleo verde en el sector.<\/p>\n<h3>Beneficios clave para los recicladores<\/h3>\n<ul>\n<li>Mayor volumen de ventas gracias a la demanda obligatoria de las automovil\u00edsticas.<\/li>\n<li>Incentivos para invertir en tecnolog\u00edas innovadoras de reciclaje.<\/li>\n<li>Oportunidad de colaborar con fabricantes de veh\u00edculos desde el dise\u00f1o de piezas.<\/li>\n<li>Prestigio frente a un consumidor cada vez m\u00e1s consciente y exigente.<\/li>\n<\/ul>\n<p>Estos factores favorecen una econom\u00eda circular real, donde el pl\u00e1stico obtiene nuevas vidas \u00fatiles y se reduce el desperdicio.<\/p>\n<h2>C\u00f3mo se prepara Reciclados La Red by Veolia ante este reto<\/h2>\n<p>En nuestra empresa, ya llevamos a\u00f1os apostando por la calidad, la innovaci\u00f3n y la trazabilidad de cada lote de pl\u00e1stico reciclado. Las exigencias de la nueva regulaci\u00f3n europea nos motivan a seguir liderando la excelencia y ofrecer soluciones a la vanguardia del reciclaje industrial, adaptadas a las normativas y necesidades de nuestros clientes.<\/p>\n<p>Trabajamos con estrictos controles de calidad y colaboramos en proyectos de I+D enfocados en pl\u00e1sticos con alto valor a\u00f1adido, \u00f3ptimos para su uso en la automoci\u00f3n. Entendemos la importancia de acompa\u00f1ar a los fabricantes en la transici\u00f3n hacia materiales cada vez m\u00e1s sostenibles.<\/p>\n<p><img loading=\"lazy\" decoding=\"async\" class=\"aligncenter wp-image-1801 size-large\" src=\"https:\/\/www.recicladoslared.es\/wp-content\/uploads\/2025\/06\/image-1-1024x585.png\" alt=\"Proceso industrial de reciclaje de pl\u00e1stico en Reciclados La Red by Veolia.\" width=\"1024\" height=\"585\" srcset=\"https:\/\/www.recicladoslared.es\/wp-content\/uploads\/2025\/06\/image-1-980x560.png 980w, https:\/\/www.recicladoslared.es\/wp-content\/uploads\/2025\/06\/image-1-480x274.png 480w\" sizes=\"(min-width: 0px) and (max-width: 480px) 480px, (min-width: 481px) and (max-width: 980px) 980px, (min-width: 981px) 1024px, 100vw\" \/><\/p>\n<h3>Contribuci\u00f3n a la sostenibilidad y a la econom\u00eda circular<\/h3>\n<p>El aumento del uso de pl\u00e1stico reciclado en veh\u00edculos tambi\u00e9n reduce la huella de carbono y el uso de recursos f\u00f3siles. Favorece que los residuos sean vistos como una nueva materia prima, no como un problema.<\/p>\n<h2>Perspectivas de futuro para el pl\u00e1stico reciclado en automoci\u00f3n<\/h2>\n<p>La norma marca una tendencia irreversible hacia la circularidad y la sostenibilidad en toda la cadena de valor del autom\u00f3vil. Se prev\u00e9 que, en los pr\u00f3ximos a\u00f1os, la innovaci\u00f3n permitir\u00e1 reciclar una gama a\u00fan m\u00e1s amplia de pl\u00e1sticos y aumentar los porcentajes de contenido reciclado, mejorando tanto la calidad como la seguridad de las piezas.<\/p>\n<h3>\u00bfC\u00f3mo afectar\u00e1 al consumidor final?<\/h3>\n<p>El usuario podr\u00e1 elegir coches m\u00e1s sostenibles, con transparencia sobre los materiales empleados y una menor huella ambiental. La confianza en la industria del reciclaje crecer\u00e1, y con ella, la demanda de las mejores soluciones recicladas.<\/p>\n<h2>Preguntas frecuentes sobre la normativa y el pl\u00e1stico reciclado en veh\u00edculos<\/h2>\n<p>\u00bfYa es obligatorio el uso de pl\u00e1stico reciclado en todos los pa\u00edses de la UE?<\/p>\n<p>Todav\u00eda no. El acuerdo debe ser ratificado por el Parlamento y el Consejo, pero su adopci\u00f3n es inminente.<\/p>\n<p>\u00bfQu\u00e9 pl\u00e1sticos se reciclan actualmente en los coches?<\/p>\n<p>Principalmente polipropileno (PP), polietileno (PE) y ABS, presentes en parachoques, interiores y componentes estructurales.<\/p>\n<p>\u00bfQu\u00e9 retos enfrenta la industria para cumplir la nueva norma?<\/p>\n<p>Aumentar la capacidad de reciclaje, asegurar la calidad y trazabilidad, y adaptar los dise\u00f1os de piezas para facilitar el reciclaje futuro.<\/p>\n<p>&nbsp;<\/p>\n<p><strong>\u00bfQuieres adaptar tus procesos industriales a la nueva demanda de pl\u00e1stico reciclado? Contacta con nosotros y \u00fanete al cambio hacia la movilidad sostenible.<\/strong><\/p>\n<p>&nbsp;<\/p>\n","protected":false},"excerpt":{"rendered":"<p>La nueva normativa europea sobre pl\u00e1stico reciclado en veh\u00edculos \u00bfEn qu\u00e9 consiste el acuerdo de la UE? La Uni\u00f3n Europea ha alcanzado un hist\u00f3rico acuerdo para fomentar el uso de pl\u00e1stico reciclado en la industria automotriz. Esta iniciativa obligar\u00e1 a los fabricantes a incorporar porcentajes m\u00ednimos de pl\u00e1stico reciclado en componentes clave de los veh\u00edculos [&hellip;]<\/p>\n","protected":false},"author":2,"featured_media":1802,"comment_status":"closed","ping_status":"closed","sticky":false,"template":"","format":"standard","meta":{"_et_pb_use_builder":"","_et_pb_old_content":"","_et_gb_content_width":"","footnotes":""},"categories":[140,174,194,138],"tags":[206,60,210,62,208],"class_list":["post-1799","post","type-post","status-publish","format-standard","has-post-thumbnail","hentry","category-innovacion","category-materiales-reciclados","category-plastico-reciclado","category-sostenibilidad","tag-automocion-sostenible","tag-economia-circular","tag-normativa-europea","tag-plastico-reciclado","tag-reciclaje-industrial"],"yoast_head":"<!-- This site is optimized with the Yoast SEO plugin v24.9 - https:\/\/yoast.com\/wordpress\/plugins\/seo\/ -->\n<title>El auge del pl\u00e1stico reciclado en automoci\u00f3n tras las nuevas normas de la UE - Reciclados LA RED<\/title>\n<meta name=\"description\" content=\"Descubre c\u00f3mo la nueva normativa de la UE impulsa el uso de pl\u00e1stico reciclado en veh\u00edculos y beneficia a la industria del reciclaje.\" \/>\n<meta name=\"robots\" content=\"index, follow, max-snippet:-1, max-image-preview:large, max-video-preview:-1\" \/>\n<link rel=\"canonical\" href=\"https:\/\/www.recicladoslared.es\/index.php\/plastico-reciclado-vehiculos-normativa-ue\/\" \/>\n<meta property=\"og:locale\" content=\"es_ES\" \/>\n<meta property=\"og:type\" content=\"article\" \/>\n<meta property=\"og:title\" content=\"El auge del pl\u00e1stico reciclado en automoci\u00f3n tras las nuevas normas de la UE - Reciclados LA RED\" \/>\n<meta property=\"og:description\" content=\"Descubre c\u00f3mo la nueva normativa de la UE impulsa el uso de pl\u00e1stico reciclado en veh\u00edculos y beneficia a la industria del reciclaje.\" \/>\n<meta property=\"og:url\" content=\"https:\/\/www.recicladoslared.es\/index.php\/plastico-reciclado-vehiculos-normativa-ue\/\" \/>\n<meta property=\"og:site_name\" content=\"Reciclados LA RED\" \/>\n<meta property=\"article:publisher\" content=\"https:\/\/www.facebook.com\/recicladoslared\" \/>\n<meta property=\"article:published_time\" content=\"2025-06-26T09:04:51+00:00\" \/>\n<meta property=\"og:image\" content=\"https:\/\/www.recicladoslared.es\/wp-content\/uploads\/2025\/06\/image-2-1-1024x585.png\" \/>\n\t<meta property=\"og:image:width\" content=\"1024\" \/>\n\t<meta property=\"og:image:height\" content=\"585\" \/>\n\t<meta property=\"og:image:type\" content=\"image\/png\" \/>\n<meta name=\"author\" content=\"webmasterMT\" \/>\n<meta name=\"twitter:card\" content=\"summary_large_image\" \/>\n<meta name=\"twitter:creator\" content=\"@RecicladosLaRed\" \/>\n<meta name=\"twitter:site\" content=\"@RecicladosLaRed\" \/>\n<meta name=\"twitter:label1\" content=\"Escrito por\" \/>\n\t<meta name=\"twitter:data1\" content=\"webmasterMT\" \/>\n\t<meta name=\"twitter:label2\" content=\"Tiempo de lectura\" \/>\n\t<meta name=\"twitter:data2\" content=\"4 minutos\" \/>\n<script type=\"application\/ld+json\" class=\"yoast-schema-graph\">{\"@context\":\"https:\/\/schema.org\",\"@graph\":[{\"@type\":\"Article\",\"@id\":\"https:\/\/www.recicladoslared.es\/index.php\/plastico-reciclado-vehiculos-normativa-ue\/#article\",\"isPartOf\":{\"@id\":\"https:\/\/www.recicladoslared.es\/index.php\/plastico-reciclado-vehiculos-normativa-ue\/\"},\"author\":{\"name\":\"webmasterMT\",\"@id\":\"https:\/\/www.recicladoslared.es\/#\/schema\/person\/d02916350ad909e72d0618f999f0048c\"},\"headline\":\"El auge del pl\u00e1stico reciclado en automoci\u00f3n tras las nuevas normas de la UE\",\"datePublished\":\"2025-06-26T09:04:51+00:00\",\"mainEntityOfPage\":{\"@id\":\"https:\/\/www.recicladoslared.es\/index.php\/plastico-reciclado-vehiculos-normativa-ue\/\"},\"wordCount\":719,\"publisher\":{\"@id\":\"https:\/\/www.recicladoslared.es\/#organization\"},\"image\":{\"@id\":\"https:\/\/www.recicladoslared.es\/index.php\/plastico-reciclado-vehiculos-normativa-ue\/#primaryimage\"},\"thumbnailUrl\":\"https:\/\/www.recicladoslared.es\/wp-content\/uploads\/2025\/06\/image-2-1.png\",\"keywords\":[\"automoci\u00f3n sostenible\",\"econom\u00eda circular\",\"normativa europea\",\"pl\u00e1stico reciclado\",\"reciclaje industrial\"],\"articleSection\":[\"Innovaci\u00f3n\",\"Materiales Reciclados\",\"pl\u00e1stico reciclado\",\"Sostenibilidad\"],\"inLanguage\":\"es\"},{\"@type\":\"WebPage\",\"@id\":\"https:\/\/www.recicladoslared.es\/index.php\/plastico-reciclado-vehiculos-normativa-ue\/\",\"url\":\"https:\/\/www.recicladoslared.es\/index.php\/plastico-reciclado-vehiculos-normativa-ue\/\",\"name\":\"El auge del pl\u00e1stico reciclado en automoci\u00f3n tras las nuevas normas de la UE - Reciclados LA RED\",\"isPartOf\":{\"@id\":\"https:\/\/www.recicladoslared.es\/#website\"},\"primaryImageOfPage\":{\"@id\":\"https:\/\/www.recicladoslared.es\/index.php\/plastico-reciclado-vehiculos-normativa-ue\/#primaryimage\"},\"image\":{\"@id\":\"https:\/\/www.recicladoslared.es\/index.php\/plastico-reciclado-vehiculos-normativa-ue\/#primaryimage\"},\"thumbnailUrl\":\"https:\/\/www.recicladoslared.es\/wp-content\/uploads\/2025\/06\/image-2-1.png\",\"datePublished\":\"2025-06-26T09:04:51+00:00\",\"description\":\"Descubre c\u00f3mo la nueva normativa de la UE impulsa el uso de pl\u00e1stico reciclado en veh\u00edculos y beneficia a la industria del reciclaje.\",\"breadcrumb\":{\"@id\":\"https:\/\/www.recicladoslared.es\/index.php\/plastico-reciclado-vehiculos-normativa-ue\/#breadcrumb\"},\"inLanguage\":\"es\",\"potentialAction\":[{\"@type\":\"ReadAction\",\"target\":[\"https:\/\/www.recicladoslared.es\/index.php\/plastico-reciclado-vehiculos-normativa-ue\/\"]}]},{\"@type\":\"ImageObject\",\"inLanguage\":\"es\",\"@id\":\"https:\/\/www.recicladoslared.es\/index.php\/plastico-reciclado-vehiculos-normativa-ue\/#primaryimage\",\"url\":\"https:\/\/www.recicladoslared.es\/wp-content\/uploads\/2025\/06\/image-2-1.png\",\"contentUrl\":\"https:\/\/www.recicladoslared.es\/wp-content\/uploads\/2025\/06\/image-2-1.png\",\"width\":1792,\"height\":1024,\"caption\":\"Ciclo de vida del pl\u00e1stico reciclado en veh\u00edculos.\"},{\"@type\":\"BreadcrumbList\",\"@id\":\"https:\/\/www.recicladoslared.es\/index.php\/plastico-reciclado-vehiculos-normativa-ue\/#breadcrumb\",\"itemListElement\":[{\"@type\":\"ListItem\",\"position\":1,\"name\":\"Portada\",\"item\":\"https:\/\/www.recicladoslared.es\/\"},{\"@type\":\"ListItem\",\"position\":2,\"name\":\"El auge del pl\u00e1stico reciclado en automoci\u00f3n tras las nuevas normas de la UE\"}]},{\"@type\":\"WebSite\",\"@id\":\"https:\/\/www.recicladoslared.es\/#website\",\"url\":\"https:\/\/www.recicladoslared.es\/\",\"name\":\"Reciclados La Red\",\"description\":\"Planta de reciclaje de pl\u00e1stico y venta de pl\u00e1stico reciclado\",\"publisher\":{\"@id\":\"https:\/\/www.recicladoslared.es\/#organization\"},\"potentialAction\":[{\"@type\":\"SearchAction\",\"target\":{\"@type\":\"EntryPoint\",\"urlTemplate\":\"https:\/\/www.recicladoslared.es\/?s={search_term_string}\"},\"query-input\":{\"@type\":\"PropertyValueSpecification\",\"valueRequired\":true,\"valueName\":\"search_term_string\"}}],\"inLanguage\":\"es\"},{\"@type\":\"Organization\",\"@id\":\"https:\/\/www.recicladoslared.es\/#organization\",\"name\":\"Reciclados La Red\",\"url\":\"https:\/\/www.recicladoslared.es\/\",\"logo\":{\"@type\":\"ImageObject\",\"inLanguage\":\"es\",\"@id\":\"https:\/\/www.recicladoslared.es\/#\/schema\/logo\/image\/\",\"url\":\"https:\/\/www.recicladoslared.es\/wp-content\/uploads\/2023\/05\/Logo-La-Red-Transpa-2.png\",\"contentUrl\":\"https:\/\/www.recicladoslared.es\/wp-content\/uploads\/2023\/05\/Logo-La-Red-Transpa-2.png\",\"width\":600,\"height\":400,\"caption\":\"Reciclados La Red\"},\"image\":{\"@id\":\"https:\/\/www.recicladoslared.es\/#\/schema\/logo\/image\/\"},\"sameAs\":[\"https:\/\/www.facebook.com\/recicladoslared\",\"https:\/\/x.com\/RecicladosLaRed\",\"https:\/\/es.linkedin.com\/company\/reciclados-la-red---reciclados-pl-sticos-serva\"]},{\"@type\":\"Person\",\"@id\":\"https:\/\/www.recicladoslared.es\/#\/schema\/person\/d02916350ad909e72d0618f999f0048c\",\"name\":\"webmasterMT\",\"url\":\"https:\/\/www.recicladoslared.es\/index.php\/author\/webmastermt\/\"}]}<\/script>\n<!-- \/ Yoast SEO plugin. -->","yoast_head_json":{"title":"El auge del pl\u00e1stico reciclado en automoci\u00f3n tras las nuevas normas de la UE - Reciclados LA RED","description":"Descubre c\u00f3mo la nueva normativa de la UE impulsa el uso de pl\u00e1stico reciclado en veh\u00edculos y beneficia a la industria del reciclaje.","robots":{"index":"index","follow":"follow","max-snippet":"max-snippet:-1","max-image-preview":"max-image-preview:large","max-video-preview":"max-video-preview:-1"},"canonical":"https:\/\/www.recicladoslared.es\/index.php\/plastico-reciclado-vehiculos-normativa-ue\/","og_locale":"es_ES","og_type":"article","og_title":"El auge del pl\u00e1stico reciclado en automoci\u00f3n tras las nuevas normas de la UE - Reciclados LA RED","og_description":"Descubre c\u00f3mo la nueva normativa de la UE impulsa el uso de pl\u00e1stico reciclado en veh\u00edculos y beneficia a la industria del reciclaje.","og_url":"https:\/\/www.recicladoslared.es\/index.php\/plastico-reciclado-vehiculos-normativa-ue\/","og_site_name":"Reciclados LA RED","article_publisher":"https:\/\/www.facebook.com\/recicladoslared","article_published_time":"2025-06-26T09:04:51+00:00","og_image":[{"width":1024,"height":585,"url":"https:\/\/www.recicladoslared.es\/wp-content\/uploads\/2025\/06\/image-2-1-1024x585.png","type":"image\/png"}],"author":"webmasterMT","twitter_card":"summary_large_image","twitter_creator":"@RecicladosLaRed","twitter_site":"@RecicladosLaRed","twitter_misc":{"Escrito por":"webmasterMT","Tiempo de lectura":"4 minutos"},"schema":{"@context":"https:\/\/schema.org","@graph":[{"@type":"Article","@id":"https:\/\/www.recicladoslared.es\/index.php\/plastico-reciclado-vehiculos-normativa-ue\/#article","isPartOf":{"@id":"https:\/\/www.recicladoslared.es\/index.php\/plastico-reciclado-vehiculos-normativa-ue\/"},"author":{"name":"webmasterMT","@id":"https:\/\/www.recicladoslared.es\/#\/schema\/person\/d02916350ad909e72d0618f999f0048c"},"headline":"El auge del pl\u00e1stico reciclado en automoci\u00f3n tras las nuevas normas de la UE","datePublished":"2025-06-26T09:04:51+00:00","mainEntityOfPage":{"@id":"https:\/\/www.recicladoslared.es\/index.php\/plastico-reciclado-vehiculos-normativa-ue\/"},"wordCount":719,"publisher":{"@id":"https:\/\/www.recicladoslared.es\/#organization"},"image":{"@id":"https:\/\/www.recicladoslared.es\/index.php\/plastico-reciclado-vehiculos-normativa-ue\/#primaryimage"},"thumbnailUrl":"https:\/\/www.recicladoslared.es\/wp-content\/uploads\/2025\/06\/image-2-1.png","keywords":["automoci\u00f3n sostenible","econom\u00eda circular","normativa europea","pl\u00e1stico reciclado","reciclaje industrial"],"articleSection":["Innovaci\u00f3n","Materiales Reciclados","pl\u00e1stico reciclado","Sostenibilidad"],"inLanguage":"es"},{"@type":"WebPage","@id":"https:\/\/www.recicladoslared.es\/index.php\/plastico-reciclado-vehiculos-normativa-ue\/","url":"https:\/\/www.recicladoslared.es\/index.php\/plastico-reciclado-vehiculos-normativa-ue\/","name":"El auge del pl\u00e1stico reciclado en automoci\u00f3n tras las nuevas normas de la UE - Reciclados LA RED","isPartOf":{"@id":"https:\/\/www.recicladoslared.es\/#website"},"primaryImageOfPage":{"@id":"https:\/\/www.recicladoslared.es\/index.php\/plastico-reciclado-vehiculos-normativa-ue\/#primaryimage"},"image":{"@id":"https:\/\/www.recicladoslared.es\/index.php\/plastico-reciclado-vehiculos-normativa-ue\/#primaryimage"},"thumbnailUrl":"https:\/\/www.recicladoslared.es\/wp-content\/uploads\/2025\/06\/image-2-1.png","datePublished":"2025-06-26T09:04:51+00:00","description":"Descubre c\u00f3mo la nueva normativa de la UE impulsa el uso de pl\u00e1stico reciclado en veh\u00edculos y beneficia a la industria del reciclaje.","breadcrumb":{"@id":"https:\/\/www.recicladoslared.es\/index.php\/plastico-reciclado-vehiculos-normativa-ue\/#breadcrumb"},"inLanguage":"es","potentialAction":[{"@type":"ReadAction","target":["https:\/\/www.recicladoslared.es\/index.php\/plastico-reciclado-vehiculos-normativa-ue\/"]}]},{"@type":"ImageObject","inLanguage":"es","@id":"https:\/\/www.recicladoslared.es\/index.php\/plastico-reciclado-vehiculos-normativa-ue\/#primaryimage","url":"https:\/\/www.recicladoslared.es\/wp-content\/uploads\/2025\/06\/image-2-1.png","contentUrl":"https:\/\/www.recicladoslared.es\/wp-content\/uploads\/2025\/06\/image-2-1.png","width":1792,"height":1024,"caption":"Ciclo de vida del pl\u00e1stico reciclado en veh\u00edculos."},{"@type":"BreadcrumbList","@id":"https:\/\/www.recicladoslared.es\/index.php\/plastico-reciclado-vehiculos-normativa-ue\/#breadcrumb","itemListElement":[{"@type":"ListItem","position":1,"name":"Portada","item":"https:\/\/www.recicladoslared.es\/"},{"@type":"ListItem","position":2,"name":"El auge del pl\u00e1stico reciclado en automoci\u00f3n tras las nuevas normas de la UE"}]},{"@type":"WebSite","@id":"https:\/\/www.recicladoslared.es\/#website","url":"https:\/\/www.recicladoslared.es\/","name":"Reciclados La Red","description":"Planta de reciclaje de pl\u00e1stico y venta de pl\u00e1stico reciclado","publisher":{"@id":"https:\/\/www.recicladoslared.es\/#organization"},"potentialAction":[{"@type":"SearchAction","target":{"@type":"EntryPoint","urlTemplate":"https:\/\/www.recicladoslared.es\/?s={search_term_string}"},"query-input":{"@type":"PropertyValueSpecification","valueRequired":true,"valueName":"search_term_string"}}],"inLanguage":"es"},{"@type":"Organization","@id":"https:\/\/www.recicladoslared.es\/#organization","name":"Reciclados La Red","url":"https:\/\/www.recicladoslared.es\/","logo":{"@type":"ImageObject","inLanguage":"es","@id":"https:\/\/www.recicladoslared.es\/#\/schema\/logo\/image\/","url":"https:\/\/www.recicladoslared.es\/wp-content\/uploads\/2023\/05\/Logo-La-Red-Transpa-2.png","contentUrl":"https:\/\/www.recicladoslared.es\/wp-content\/uploads\/2023\/05\/Logo-La-Red-Transpa-2.png","width":600,"height":400,"caption":"Reciclados La Red"},"image":{"@id":"https:\/\/www.recicladoslared.es\/#\/schema\/logo\/image\/"},"sameAs":["https:\/\/www.facebook.com\/recicladoslared","https:\/\/x.com\/RecicladosLaRed","https:\/\/es.linkedin.com\/company\/reciclados-la-red---reciclados-pl-sticos-serva"]},{"@type":"Person","@id":"https:\/\/www.recicladoslared.es\/#\/schema\/person\/d02916350ad909e72d0618f999f0048c","name":"webmasterMT","url":"https:\/\/www.recicladoslared.es\/index.php\/author\/webmastermt\/"}]}},"_links":{"self":[{"href":"https:\/\/www.recicladoslared.es\/index.php\/wp-json\/wp\/v2\/posts\/1799","targetHints":{"allow":["GET"]}}],"collection":[{"href":"https:\/\/www.recicladoslared.es\/index.php\/wp-json\/wp\/v2\/posts"}],"about":[{"href":"https:\/\/www.recicladoslared.es\/index.php\/wp-json\/wp\/v2\/types\/post"}],"author":[{"embeddable":true,"href":"https:\/\/www.recicladoslared.es\/index.php\/wp-json\/wp\/v2\/users\/2"}],"replies":[{"embeddable":true,"href":"https:\/\/www.recicladoslared.es\/index.php\/wp-json\/wp\/v2\/comments?post=1799"}],"version-history":[{"count":2,"href":"https:\/\/www.recicladoslared.es\/index.php\/wp-json\/wp\/v2\/posts\/1799\/revisions"}],"predecessor-version":[{"id":1804,"href":"https:\/\/www.recicladoslared.es\/index.php\/wp-json\/wp\/v2\/posts\/1799\/revisions\/1804"}],"wp:featuredmedia":[{"embeddable":true,"href":"https:\/\/www.recicladoslared.es\/index.php\/wp-json\/wp\/v2\/media\/1802"}],"wp:attachment":[{"href":"https:\/\/www.recicladoslared.es\/index.php\/wp-json\/wp\/v2\/media?parent=1799"}],"wp:term":[{"taxonomy":"category","embeddable":true,"href":"https:\/\/www.recicladoslared.es\/index.php\/wp-json\/wp\/v2\/categories?post=1799"},{"taxonomy":"post_tag","embeddable":true,"href":"https:\/\/www.recicladoslared.es\/index.php\/wp-json\/wp\/v2\/tags?post=1799"}],"curies":[{"name":"wp","href":"https:\/\/api.w.org\/{rel}","templated":true}]}}