{"id":1827,"date":"2025-07-15T12:41:18","date_gmt":"2025-07-15T12:41:18","guid":{"rendered":"https:\/\/www.recicladoslared.es\/?p=1827"},"modified":"2025-07-15T12:41:18","modified_gmt":"2025-07-15T12:41:18","slug":"plastico-no-es-enemigo-importancia-reciclar-correctamente","status":"publish","type":"post","link":"https:\/\/www.recicladoslared.es\/index.php\/plastico-no-es-enemigo-importancia-reciclar-correctamente\/","title":{"rendered":"\u00bfPor qu\u00e9 el pl\u00e1stico no es el enemigo? La importancia de reciclarlo correctamente"},"content":{"rendered":"<h3>Descubre c\u00f3mo el reciclaje de pl\u00e1sticos impulsa la econom\u00eda circular y protege el medio ambiente<\/h3>\n<p><img loading=\"lazy\" decoding=\"async\" class=\"aligncenter wp-image-1829 size-full\" src=\"https:\/\/www.recicladoslared.es\/wp-content\/uploads\/2025\/07\/Descubre-como-el-reciclaje-de-plasticos-impulsa-la-economia-circular-y-protege-el-medio-ambiente-visual-selection.png\" alt=\"Descubre c\u00f3mo el reciclaje de pl\u00e1sticos impulsa la econom\u00eda circular y protege el medio ambiente\" width=\"568\" height=\"389\" srcset=\"https:\/\/www.recicladoslared.es\/wp-content\/uploads\/2025\/07\/Descubre-como-el-reciclaje-de-plasticos-impulsa-la-economia-circular-y-protege-el-medio-ambiente-visual-selection.png 568w, https:\/\/www.recicladoslared.es\/wp-content\/uploads\/2025\/07\/Descubre-como-el-reciclaje-de-plasticos-impulsa-la-economia-circular-y-protege-el-medio-ambiente-visual-selection-480x329.png 480w\" sizes=\"(min-width: 0px) and (max-width: 480px) 480px, (min-width: 481px) 568px, 100vw\" \/><\/p>\n<h3>El reto de transformar residuos en recursos: desaf\u00edos actuales<\/h3>\n<p>&nbsp;<\/p>\n<p>En los \u00faltimos a\u00f1os, la percepci\u00f3n del pl\u00e1stico ha cambiado radicalmente. Muchos lo ven como el gran villano ambiental, pero la realidad es m\u00e1s compleja. El verdadero problema no es el material en s\u00ed, sino c\u00f3mo lo gestionamos tras su uso. La acumulaci\u00f3n de residuos pl\u00e1sticos en vertederos y oc\u00e9anos, la contaminaci\u00f3n por micropl\u00e1sticos y la dependencia de recursos f\u00f3siles son solo algunas de las consecuencias de un sistema lineal de producci\u00f3n y consumo.<\/p>\n<p>&nbsp;<\/p>\n<p><strong>La gesti\u00f3n inadecuada de los residuos pl\u00e1sticos genera impactos ambientales y sociales profundos<\/strong>. Por ejemplo, la falta de infraestructuras de recogida selectiva en muchas regiones dificulta el reciclaje efectivo. Esto provoca que toneladas de pl\u00e1sticos terminen en vertederos o, peor a\u00fan, en entornos naturales, afectando la biodiversidad y la salud humana.<\/p>\n<p>&nbsp;<\/p>\n<p>Adem\u00e1s, la desinformaci\u00f3n sobre el reciclaje contribuye a la baja participaci\u00f3n ciudadana. Muchas personas desconocen qu\u00e9 tipos de pl\u00e1sticos pueden reciclarse o c\u00f3mo deben depositarse. Esta confusi\u00f3n reduce la calidad del material recuperado y encarece los procesos industriales.<\/p>\n<p>&nbsp;<\/p>\n<p>Por otro lado, la industria enfrenta el reto de garantizar la trazabilidad y la calidad del pl\u00e1stico reciclado. Los clientes exigen materiales seguros, certificados y con propiedades t\u00e9cnicas equivalentes a los pl\u00e1sticos v\u00edrgenes. Cumplir estos est\u00e1ndares requiere innovaci\u00f3n tecnol\u00f3gica y controles rigurosos. En Reciclados La Red by Veolia trabajamos d\u00eda a d\u00eda para cumplir estos est\u00e1ndares de calidad y trazabilidad, por ejemplo con la obtenci\u00f3n del certificado <strong>UNE-EN 15343 de Trazabilidad Pl\u00e1stico Reciclado Posconsumo. <\/strong><\/p>\n<p>&nbsp;<\/p>\n<p>Un ejemplo claro es el sector alimentario, donde la normativa exige que los envases reciclados cumplan con estrictos requisitos de seguridad. Esto obliga a las empresas recicladoras a invertir en tecnolog\u00edas avanzadas de descontaminaci\u00f3n y trazabilidad.<\/p>\n<p>&nbsp;<\/p>\n<p>En definitiva, el desaf\u00edo es doble: <strong>educar a la sociedad sobre la importancia del reciclaje y dotar a la industria de herramientas para transformar residuos en materia prima de alta calidad<\/strong>. Solo as\u00ed lograremos que el pl\u00e1stico deje de ser un enemigo y se convierta en un aliado de la econom\u00eda circular.<\/p>\n<h3>Innovaci\u00f3n y tecnolog\u00eda: el reciclaje de pl\u00e1stico como motor de cambio<\/h3>\n<p><img loading=\"lazy\" decoding=\"async\" class=\"aligncenter wp-image-1834 size-large\" src=\"https:\/\/www.recicladoslared.es\/wp-content\/uploads\/2025\/07\/image-1-1-1024x585.png\" alt=\"\" width=\"1024\" height=\"585\" srcset=\"https:\/\/www.recicladoslared.es\/wp-content\/uploads\/2025\/07\/image-1-1-980x560.png 980w, https:\/\/www.recicladoslared.es\/wp-content\/uploads\/2025\/07\/image-1-1-480x274.png 480w\" sizes=\"(min-width: 0px) and (max-width: 480px) 480px, (min-width: 481px) and (max-width: 980px) 980px, (min-width: 981px) 1024px, 100vw\" \/><\/p>\n<p>&nbsp;<\/p>\n<p>La econom\u00eda circular propone un modelo en el que los materiales se mantienen en uso el mayor tiempo posible. En este contexto, el reciclaje de pl\u00e1stico es una pieza clave. Gracias a la innovaci\u00f3n, hoy es posible transformar residuos pl\u00e1sticos en nuevos productos de alto valor a\u00f1adido, reduciendo la huella de carbono y la dependencia de recursos f\u00f3siles.<\/p>\n<p>&nbsp;<\/p>\n<h4>Reciclaje mec\u00e1nico: eficiencia y calidad<\/h4>\n<p>&nbsp;<\/p>\n<p>El reciclaje mec\u00e1nico es el proceso m\u00e1s extendido para recuperar pl\u00e1sticos post-consumo. Consiste en la recogida, clasificaci\u00f3n, trituraci\u00f3n, lavado y extrusi\u00f3n del material. <strong>Esta tecnolog\u00eda permite obtener granza reciclada apta para fabricar envases, componentes industriales y textiles.<\/strong> Por ejemplo, en Reciclados La Red by Veolia, utilizamos sistemas de clasificaci\u00f3n \u00f3ptica y lavado en caliente para garantizar la pureza del pl\u00e1stico reciclado, logrando una reducci\u00f3n del 70% en emisiones de CO\u2082 respecto al pl\u00e1stico virgen.<\/p>\n<p>&nbsp;<\/p>\n<h4>Reciclaje qu\u00edmico: cerrando el c\u00edrculo<\/h4>\n<p>&nbsp;<\/p>\n<p>Cuando los residuos pl\u00e1sticos son dif\u00edciles de reciclar mec\u00e1nicamente, el reciclaje qu\u00edmico ofrece una alternativa innovadora. Mediante procesos como la pir\u00f3lisis o la despolimerizaci\u00f3n, los pl\u00e1sticos se convierten en mon\u00f3meros o aceites que pueden reutilizarse en la industria petroqu\u00edmica. <strong>Esto permite reciclar materiales complejos y ampliar el abanico de aplicaciones del pl\u00e1stico reciclado<\/strong>. La integraci\u00f3n de ambas tecnolog\u00edas es fundamental para alcanzar tasas de reciclaje superiores al 50% en los pr\u00f3ximos a\u00f1os.<\/p>\n<p>&nbsp;<\/p>\n<h4>Econom\u00eda circular y trazabilidad<\/h4>\n<p>&nbsp;<\/p>\n<p>La trazabilidad es esencial para garantizar la calidad y seguridad del pl\u00e1stico reciclado. Gracias a sistemas digitales y certificaciones, es posible seguir el recorrido del material desde su recogida hasta su transformaci\u00f3n final. <strong>Esto aporta confianza a los clientes y facilita el cumplimiento de normativas europeas cada vez m\u00e1s exigentes<\/strong>. Adem\u00e1s, la econom\u00eda circular genera empleo local y fomenta la innovaci\u00f3n en toda la cadena de valor.<\/p>\n<p>&nbsp;<\/p>\n<h4>Educaci\u00f3n y sensibilizaci\u00f3n<\/h4>\n<p>&nbsp;<\/p>\n<p>La concienciaci\u00f3n ciudadana es el primer paso para un reciclaje efectivo. Campa\u00f1as educativas, talleres en escuelas y colaboraciones con ayuntamientos son herramientas clave para aumentar la tasa de recogida selectiva. <strong>Cuanto mayor sea la participaci\u00f3n social, mayor ser\u00e1 la cantidad y calidad del pl\u00e1stico reciclado disponible para la industria<\/strong>.<\/p>\n<p>&nbsp;<\/p>\n<h3>Resultados tangibles: casos de \u00e9xito en reciclaje de pl\u00e1stico<\/h3>\n<h4>Caso 1: Innovaci\u00f3n sostenible en el PEBD Negro Posconsumo<\/h4>\n<p>&nbsp;<\/p>\n<p>En <a href=\"https:\/\/www.veolia.es\/casos-exito\/red-by-veolia\">Reciclados La Red by Veolia<\/a>, hemos implementado importantes mejoras en el proceso de producci\u00f3n del PEBD Negro Posconsumo Comercial, apostando por la innovaci\u00f3n sostenible. Gracias a una serie de avances t\u00e9cnicos, hemos elevado significativamente los est\u00e1ndares de calidad y sostenibilidad de nuestro producto. Entre las principales mejoras destacan la reducci\u00f3n de la temperatura durante el reciclaje, la incorporaci\u00f3n de sistemas de filtraci\u00f3n avanzada para lograr una mayor pureza, y una homogeneizaci\u00f3n precisa que garantiza uniformidad y control de calidad en cada lote. Estas innovaciones nos permiten ofrecer un PEBD reciclado que no solo cumple, sino que supera las expectativas del mercado en t\u00e9rminos de rendimiento, durabilidad y compromiso ambiental.<\/p>\n<p>&nbsp;<\/p>\n<h4>Caso 2: PET reciclado para envases alimentarios<\/h4>\n<p>&nbsp;<\/p>\n<p><a href=\"https:\/\/www.veolia.es\/casos-exito\/torrepet\">TorrePET by Veolia<\/a> procesa 60.000 toneladas al a\u00f1o de residuos pl\u00e1sticos. Gracias a la tecnolog\u00eda de descontaminaci\u00f3n se produce una granza de PET reciclado de grado alimetario de la m\u00e1s alta calidad. <strong>El PET reciclado \u00a0permite reducir la huella de carbono de los envases sin comprometer la seguridad.<\/strong><\/p>\n<p>&nbsp;<\/p>\n<h3>C\u00f3mo implementar el reciclaje de pl\u00e1stico en tu empresa: hoja de ruta<\/h3>\n<p><img loading=\"lazy\" decoding=\"async\" class=\"aligncenter size-full wp-image-1837\" src=\"https:\/\/www.recicladoslared.es\/wp-content\/uploads\/2025\/07\/Descubre-como-el-reciclaje-de-plasticos-impulsa-la-economia-circular-y-protege-el-medio-ambiente-visual-selection-2.png\" alt=\"C\u00f3mo implementar el reciclaje de pl\u00e1stico en tu empresa: hoja de ruta\" width=\"816\" height=\"590\" srcset=\"https:\/\/www.recicladoslared.es\/wp-content\/uploads\/2025\/07\/Descubre-como-el-reciclaje-de-plasticos-impulsa-la-economia-circular-y-protege-el-medio-ambiente-visual-selection-2.png 816w, https:\/\/www.recicladoslared.es\/wp-content\/uploads\/2025\/07\/Descubre-como-el-reciclaje-de-plasticos-impulsa-la-economia-circular-y-protege-el-medio-ambiente-visual-selection-2-480x347.png 480w\" sizes=\"(min-width: 0px) and (max-width: 480px) 480px, (min-width: 481px) 816px, 100vw\" \/><\/p>\n<p>&nbsp;<\/p>\n<h3>El momento de actuar: juntos por un futuro circular<\/h3>\n<p>&nbsp;<\/p>\n<p>El reciclaje de pl\u00e1stico es mucho m\u00e1s que una tendencia: es una necesidad urgente para proteger el planeta y asegurar la competitividad de las empresas. Cada envase reciclado, cada kilo de pl\u00e1stico recuperado, suma en la construcci\u00f3n de una econom\u00eda circular real. <strong>En Reciclados La Red by Veolia, creemos en el poder de la colaboraci\u00f3n y la innovaci\u00f3n para transformar residuos en oportunidades.<\/strong><\/p>\n<p>&nbsp;<\/p>\n<p>Te invitamos a sumarte a este movimiento. Ya seas cliente, proveedor o ciudadano, tu papel es clave. Inf\u00f3rmate, participa y exige productos fabricados con pl\u00e1stico reciclado. Juntos, podemos demostrar que el pl\u00e1stico no es el enemigo, sino un recurso valioso cuando se gestiona de forma responsable.<\/p>\n<p>&nbsp;<\/p>\n<p><a href=\"https:\/\/www.recicladoslared.es\/index.php\/contacto\/\"><strong>Contacta con nuestro equipo para iniciar tu transici\u00f3n circular<\/strong><\/a><\/p>\n","protected":false},"excerpt":{"rendered":"<p>Descubre c\u00f3mo el reciclaje de pl\u00e1sticos impulsa la econom\u00eda circular y protege el medio ambiente El reto de transformar residuos en recursos: desaf\u00edos actuales &nbsp; En los \u00faltimos a\u00f1os, la percepci\u00f3n del pl\u00e1stico ha cambiado radicalmente. Muchos lo ven como el gran villano ambiental, pero la realidad es m\u00e1s compleja. El verdadero problema no es [&hellip;]<\/p>\n","protected":false},"author":2,"featured_media":1833,"comment_status":"closed","ping_status":"closed","sticky":false,"template":"","format":"standard","meta":{"_et_pb_use_builder":"","_et_pb_old_content":"","_et_gb_content_width":"","footnotes":""},"categories":[142,219,140,163,138],"tags":[60,225,223,176,62,64,221,58],"class_list":["post-1827","post","type-post","status-publish","format-standard","has-post-thumbnail","hentry","category-economia-circular","category-industria-sostenible","category-innovacion","category-medio-ambiente","category-sostenibilidad","tag-economia-circular","tag-espana","tag-industria","tag-innovacion","tag-plastico-reciclado","tag-reciclaje-de-plastico","tag-residuos","tag-sostenibilidad"],"yoast_head":"<!-- This site is optimized with the Yoast SEO plugin v24.9 - https:\/\/yoast.com\/wordpress\/plugins\/seo\/ -->\n<title>\u00bfPor qu\u00e9 el pl\u00e1stico no es el enemigo? La importancia de reciclarlo correctamente - Reciclados LA RED<\/title>\n<meta name=\"description\" content=\"Descubre por qu\u00e9 el pl\u00e1stico no es el enemigo y c\u00f3mo el reciclaje correcto impulsa la econom\u00eda circular, protege el medio ambiente y genera valor local. Aprende a implementar el reciclaje de pl\u00e1stico en tu empresa y conoce casos de \u00e9xito de pl\u00e1stico reciclado en Espa\u00f1a.\" \/>\n<meta name=\"robots\" content=\"index, follow, max-snippet:-1, max-image-preview:large, max-video-preview:-1\" \/>\n<link rel=\"canonical\" href=\"https:\/\/www.recicladoslared.es\/index.php\/plastico-no-es-enemigo-importancia-reciclar-correctamente\/\" \/>\n<meta property=\"og:locale\" content=\"es_ES\" \/>\n<meta property=\"og:type\" content=\"article\" \/>\n<meta property=\"og:title\" content=\"\u00bfPor qu\u00e9 el pl\u00e1stico no es el enemigo? La importancia de reciclarlo correctamente - Reciclados LA RED\" \/>\n<meta property=\"og:description\" content=\"Descubre por qu\u00e9 el pl\u00e1stico no es el enemigo y c\u00f3mo el reciclaje correcto impulsa la econom\u00eda circular, protege el medio ambiente y genera valor local. Aprende a implementar el reciclaje de pl\u00e1stico en tu empresa y conoce casos de \u00e9xito de pl\u00e1stico reciclado en Espa\u00f1a.\" \/>\n<meta property=\"og:url\" content=\"https:\/\/www.recicladoslared.es\/index.php\/plastico-no-es-enemigo-importancia-reciclar-correctamente\/\" \/>\n<meta property=\"og:site_name\" content=\"Reciclados LA RED\" \/>\n<meta property=\"article:publisher\" content=\"https:\/\/www.facebook.com\/recicladoslared\" \/>\n<meta property=\"article:published_time\" content=\"2025-07-15T12:41:18+00:00\" \/>\n<meta property=\"og:image\" content=\"https:\/\/www.recicladoslared.es\/wp-content\/uploads\/2025\/07\/image-0-9-1024x585.png\" \/>\n\t<meta property=\"og:image:width\" content=\"1024\" \/>\n\t<meta property=\"og:image:height\" content=\"585\" \/>\n\t<meta property=\"og:image:type\" content=\"image\/png\" \/>\n<meta name=\"author\" content=\"webmasterMT\" \/>\n<meta name=\"twitter:card\" content=\"summary_large_image\" \/>\n<meta name=\"twitter:creator\" content=\"@RecicladosLaRed\" \/>\n<meta name=\"twitter:site\" content=\"@RecicladosLaRed\" \/>\n<meta name=\"twitter:label1\" content=\"Escrito por\" \/>\n\t<meta name=\"twitter:data1\" content=\"webmasterMT\" \/>\n\t<meta name=\"twitter:label2\" content=\"Tiempo de lectura\" \/>\n\t<meta name=\"twitter:data2\" content=\"6 minutos\" \/>\n<script type=\"application\/ld+json\" class=\"yoast-schema-graph\">{\"@context\":\"https:\/\/schema.org\",\"@graph\":[{\"@type\":\"Article\",\"@id\":\"https:\/\/www.recicladoslared.es\/index.php\/plastico-no-es-enemigo-importancia-reciclar-correctamente\/#article\",\"isPartOf\":{\"@id\":\"https:\/\/www.recicladoslared.es\/index.php\/plastico-no-es-enemigo-importancia-reciclar-correctamente\/\"},\"author\":{\"name\":\"webmasterMT\",\"@id\":\"https:\/\/www.recicladoslared.es\/#\/schema\/person\/d02916350ad909e72d0618f999f0048c\"},\"headline\":\"\u00bfPor qu\u00e9 el pl\u00e1stico no es el enemigo? La importancia de reciclarlo correctamente\",\"datePublished\":\"2025-07-15T12:41:18+00:00\",\"mainEntityOfPage\":{\"@id\":\"https:\/\/www.recicladoslared.es\/index.php\/plastico-no-es-enemigo-importancia-reciclar-correctamente\/\"},\"wordCount\":1173,\"publisher\":{\"@id\":\"https:\/\/www.recicladoslared.es\/#organization\"},\"image\":{\"@id\":\"https:\/\/www.recicladoslared.es\/index.php\/plastico-no-es-enemigo-importancia-reciclar-correctamente\/#primaryimage\"},\"thumbnailUrl\":\"https:\/\/www.recicladoslared.es\/wp-content\/uploads\/2025\/07\/image-0-9.png\",\"keywords\":[\"econom\u00eda circular\",\"Espa\u00f1a\",\"industria\",\"Innovaci\u00f3n\",\"pl\u00e1stico reciclado\",\"reciclaje de pl\u00e1stico\",\"residuos\",\"sostenibilidad\"],\"articleSection\":[\"Econom\u00eda Circular\",\"Industria sostenible\",\"Innovaci\u00f3n\",\"Medio Ambiente\",\"Sostenibilidad\"],\"inLanguage\":\"es\"},{\"@type\":\"WebPage\",\"@id\":\"https:\/\/www.recicladoslared.es\/index.php\/plastico-no-es-enemigo-importancia-reciclar-correctamente\/\",\"url\":\"https:\/\/www.recicladoslared.es\/index.php\/plastico-no-es-enemigo-importancia-reciclar-correctamente\/\",\"name\":\"\u00bfPor qu\u00e9 el pl\u00e1stico no es el enemigo? La importancia de reciclarlo correctamente - Reciclados LA RED\",\"isPartOf\":{\"@id\":\"https:\/\/www.recicladoslared.es\/#website\"},\"primaryImageOfPage\":{\"@id\":\"https:\/\/www.recicladoslared.es\/index.php\/plastico-no-es-enemigo-importancia-reciclar-correctamente\/#primaryimage\"},\"image\":{\"@id\":\"https:\/\/www.recicladoslared.es\/index.php\/plastico-no-es-enemigo-importancia-reciclar-correctamente\/#primaryimage\"},\"thumbnailUrl\":\"https:\/\/www.recicladoslared.es\/wp-content\/uploads\/2025\/07\/image-0-9.png\",\"datePublished\":\"2025-07-15T12:41:18+00:00\",\"description\":\"Descubre por qu\u00e9 el pl\u00e1stico no es el enemigo y c\u00f3mo el reciclaje correcto impulsa la econom\u00eda circular, protege el medio ambiente y genera valor local. Aprende a implementar el reciclaje de pl\u00e1stico en tu empresa y conoce casos de \u00e9xito de pl\u00e1stico reciclado en Espa\u00f1a.\",\"breadcrumb\":{\"@id\":\"https:\/\/www.recicladoslared.es\/index.php\/plastico-no-es-enemigo-importancia-reciclar-correctamente\/#breadcrumb\"},\"inLanguage\":\"es\",\"potentialAction\":[{\"@type\":\"ReadAction\",\"target\":[\"https:\/\/www.recicladoslared.es\/index.php\/plastico-no-es-enemigo-importancia-reciclar-correctamente\/\"]}]},{\"@type\":\"ImageObject\",\"inLanguage\":\"es\",\"@id\":\"https:\/\/www.recicladoslared.es\/index.php\/plastico-no-es-enemigo-importancia-reciclar-correctamente\/#primaryimage\",\"url\":\"https:\/\/www.recicladoslared.es\/wp-content\/uploads\/2025\/07\/image-0-9.png\",\"contentUrl\":\"https:\/\/www.recicladoslared.es\/wp-content\/uploads\/2025\/07\/image-0-9.png\",\"width\":1792,\"height\":1024},{\"@type\":\"BreadcrumbList\",\"@id\":\"https:\/\/www.recicladoslared.es\/index.php\/plastico-no-es-enemigo-importancia-reciclar-correctamente\/#breadcrumb\",\"itemListElement\":[{\"@type\":\"ListItem\",\"position\":1,\"name\":\"Portada\",\"item\":\"https:\/\/www.recicladoslared.es\/\"},{\"@type\":\"ListItem\",\"position\":2,\"name\":\"\u00bfPor qu\u00e9 el pl\u00e1stico no es el enemigo? La importancia de reciclarlo correctamente\"}]},{\"@type\":\"WebSite\",\"@id\":\"https:\/\/www.recicladoslared.es\/#website\",\"url\":\"https:\/\/www.recicladoslared.es\/\",\"name\":\"Reciclados La Red\",\"description\":\"Planta de reciclaje de pl\u00e1stico y venta de pl\u00e1stico reciclado\",\"publisher\":{\"@id\":\"https:\/\/www.recicladoslared.es\/#organization\"},\"potentialAction\":[{\"@type\":\"SearchAction\",\"target\":{\"@type\":\"EntryPoint\",\"urlTemplate\":\"https:\/\/www.recicladoslared.es\/?s={search_term_string}\"},\"query-input\":{\"@type\":\"PropertyValueSpecification\",\"valueRequired\":true,\"valueName\":\"search_term_string\"}}],\"inLanguage\":\"es\"},{\"@type\":\"Organization\",\"@id\":\"https:\/\/www.recicladoslared.es\/#organization\",\"name\":\"Reciclados La Red\",\"url\":\"https:\/\/www.recicladoslared.es\/\",\"logo\":{\"@type\":\"ImageObject\",\"inLanguage\":\"es\",\"@id\":\"https:\/\/www.recicladoslared.es\/#\/schema\/logo\/image\/\",\"url\":\"https:\/\/www.recicladoslared.es\/wp-content\/uploads\/2023\/05\/Logo-La-Red-Transpa-2.png\",\"contentUrl\":\"https:\/\/www.recicladoslared.es\/wp-content\/uploads\/2023\/05\/Logo-La-Red-Transpa-2.png\",\"width\":600,\"height\":400,\"caption\":\"Reciclados La Red\"},\"image\":{\"@id\":\"https:\/\/www.recicladoslared.es\/#\/schema\/logo\/image\/\"},\"sameAs\":[\"https:\/\/www.facebook.com\/recicladoslared\",\"https:\/\/x.com\/RecicladosLaRed\",\"https:\/\/es.linkedin.com\/company\/reciclados-la-red---reciclados-pl-sticos-serva\"]},{\"@type\":\"Person\",\"@id\":\"https:\/\/www.recicladoslared.es\/#\/schema\/person\/d02916350ad909e72d0618f999f0048c\",\"name\":\"webmasterMT\",\"url\":\"https:\/\/www.recicladoslared.es\/index.php\/author\/webmastermt\/\"}]}<\/script>\n<!-- \/ Yoast SEO plugin. -->","yoast_head_json":{"title":"\u00bfPor qu\u00e9 el pl\u00e1stico no es el enemigo? La importancia de reciclarlo correctamente - Reciclados LA RED","description":"Descubre por qu\u00e9 el pl\u00e1stico no es el enemigo y c\u00f3mo el reciclaje correcto impulsa la econom\u00eda circular, protege el medio ambiente y genera valor local. Aprende a implementar el reciclaje de pl\u00e1stico en tu empresa y conoce casos de \u00e9xito de pl\u00e1stico reciclado en Espa\u00f1a.","robots":{"index":"index","follow":"follow","max-snippet":"max-snippet:-1","max-image-preview":"max-image-preview:large","max-video-preview":"max-video-preview:-1"},"canonical":"https:\/\/www.recicladoslared.es\/index.php\/plastico-no-es-enemigo-importancia-reciclar-correctamente\/","og_locale":"es_ES","og_type":"article","og_title":"\u00bfPor qu\u00e9 el pl\u00e1stico no es el enemigo? La importancia de reciclarlo correctamente - Reciclados LA RED","og_description":"Descubre por qu\u00e9 el pl\u00e1stico no es el enemigo y c\u00f3mo el reciclaje correcto impulsa la econom\u00eda circular, protege el medio ambiente y genera valor local. Aprende a implementar el reciclaje de pl\u00e1stico en tu empresa y conoce casos de \u00e9xito de pl\u00e1stico reciclado en Espa\u00f1a.","og_url":"https:\/\/www.recicladoslared.es\/index.php\/plastico-no-es-enemigo-importancia-reciclar-correctamente\/","og_site_name":"Reciclados LA RED","article_publisher":"https:\/\/www.facebook.com\/recicladoslared","article_published_time":"2025-07-15T12:41:18+00:00","og_image":[{"width":1024,"height":585,"url":"https:\/\/www.recicladoslared.es\/wp-content\/uploads\/2025\/07\/image-0-9-1024x585.png","type":"image\/png"}],"author":"webmasterMT","twitter_card":"summary_large_image","twitter_creator":"@RecicladosLaRed","twitter_site":"@RecicladosLaRed","twitter_misc":{"Escrito por":"webmasterMT","Tiempo de lectura":"6 minutos"},"schema":{"@context":"https:\/\/schema.org","@graph":[{"@type":"Article","@id":"https:\/\/www.recicladoslared.es\/index.php\/plastico-no-es-enemigo-importancia-reciclar-correctamente\/#article","isPartOf":{"@id":"https:\/\/www.recicladoslared.es\/index.php\/plastico-no-es-enemigo-importancia-reciclar-correctamente\/"},"author":{"name":"webmasterMT","@id":"https:\/\/www.recicladoslared.es\/#\/schema\/person\/d02916350ad909e72d0618f999f0048c"},"headline":"\u00bfPor qu\u00e9 el pl\u00e1stico no es el enemigo? La importancia de reciclarlo correctamente","datePublished":"2025-07-15T12:41:18+00:00","mainEntityOfPage":{"@id":"https:\/\/www.recicladoslared.es\/index.php\/plastico-no-es-enemigo-importancia-reciclar-correctamente\/"},"wordCount":1173,"publisher":{"@id":"https:\/\/www.recicladoslared.es\/#organization"},"image":{"@id":"https:\/\/www.recicladoslared.es\/index.php\/plastico-no-es-enemigo-importancia-reciclar-correctamente\/#primaryimage"},"thumbnailUrl":"https:\/\/www.recicladoslared.es\/wp-content\/uploads\/2025\/07\/image-0-9.png","keywords":["econom\u00eda circular","Espa\u00f1a","industria","Innovaci\u00f3n","pl\u00e1stico reciclado","reciclaje de pl\u00e1stico","residuos","sostenibilidad"],"articleSection":["Econom\u00eda Circular","Industria sostenible","Innovaci\u00f3n","Medio Ambiente","Sostenibilidad"],"inLanguage":"es"},{"@type":"WebPage","@id":"https:\/\/www.recicladoslared.es\/index.php\/plastico-no-es-enemigo-importancia-reciclar-correctamente\/","url":"https:\/\/www.recicladoslared.es\/index.php\/plastico-no-es-enemigo-importancia-reciclar-correctamente\/","name":"\u00bfPor qu\u00e9 el pl\u00e1stico no es el enemigo? La importancia de reciclarlo correctamente - Reciclados LA RED","isPartOf":{"@id":"https:\/\/www.recicladoslared.es\/#website"},"primaryImageOfPage":{"@id":"https:\/\/www.recicladoslared.es\/index.php\/plastico-no-es-enemigo-importancia-reciclar-correctamente\/#primaryimage"},"image":{"@id":"https:\/\/www.recicladoslared.es\/index.php\/plastico-no-es-enemigo-importancia-reciclar-correctamente\/#primaryimage"},"thumbnailUrl":"https:\/\/www.recicladoslared.es\/wp-content\/uploads\/2025\/07\/image-0-9.png","datePublished":"2025-07-15T12:41:18+00:00","description":"Descubre por qu\u00e9 el pl\u00e1stico no es el enemigo y c\u00f3mo el reciclaje correcto impulsa la econom\u00eda circular, protege el medio ambiente y genera valor local. Aprende a implementar el reciclaje de pl\u00e1stico en tu empresa y conoce casos de \u00e9xito de pl\u00e1stico reciclado en Espa\u00f1a.","breadcrumb":{"@id":"https:\/\/www.recicladoslared.es\/index.php\/plastico-no-es-enemigo-importancia-reciclar-correctamente\/#breadcrumb"},"inLanguage":"es","potentialAction":[{"@type":"ReadAction","target":["https:\/\/www.recicladoslared.es\/index.php\/plastico-no-es-enemigo-importancia-reciclar-correctamente\/"]}]},{"@type":"ImageObject","inLanguage":"es","@id":"https:\/\/www.recicladoslared.es\/index.php\/plastico-no-es-enemigo-importancia-reciclar-correctamente\/#primaryimage","url":"https:\/\/www.recicladoslared.es\/wp-content\/uploads\/2025\/07\/image-0-9.png","contentUrl":"https:\/\/www.recicladoslared.es\/wp-content\/uploads\/2025\/07\/image-0-9.png","width":1792,"height":1024},{"@type":"BreadcrumbList","@id":"https:\/\/www.recicladoslared.es\/index.php\/plastico-no-es-enemigo-importancia-reciclar-correctamente\/#breadcrumb","itemListElement":[{"@type":"ListItem","position":1,"name":"Portada","item":"https:\/\/www.recicladoslared.es\/"},{"@type":"ListItem","position":2,"name":"\u00bfPor qu\u00e9 el pl\u00e1stico no es el enemigo? La importancia de reciclarlo correctamente"}]},{"@type":"WebSite","@id":"https:\/\/www.recicladoslared.es\/#website","url":"https:\/\/www.recicladoslared.es\/","name":"Reciclados La Red","description":"Planta de reciclaje de pl\u00e1stico y venta de pl\u00e1stico reciclado","publisher":{"@id":"https:\/\/www.recicladoslared.es\/#organization"},"potentialAction":[{"@type":"SearchAction","target":{"@type":"EntryPoint","urlTemplate":"https:\/\/www.recicladoslared.es\/?s={search_term_string}"},"query-input":{"@type":"PropertyValueSpecification","valueRequired":true,"valueName":"search_term_string"}}],"inLanguage":"es"},{"@type":"Organization","@id":"https:\/\/www.recicladoslared.es\/#organization","name":"Reciclados La Red","url":"https:\/\/www.recicladoslared.es\/","logo":{"@type":"ImageObject","inLanguage":"es","@id":"https:\/\/www.recicladoslared.es\/#\/schema\/logo\/image\/","url":"https:\/\/www.recicladoslared.es\/wp-content\/uploads\/2023\/05\/Logo-La-Red-Transpa-2.png","contentUrl":"https:\/\/www.recicladoslared.es\/wp-content\/uploads\/2023\/05\/Logo-La-Red-Transpa-2.png","width":600,"height":400,"caption":"Reciclados La Red"},"image":{"@id":"https:\/\/www.recicladoslared.es\/#\/schema\/logo\/image\/"},"sameAs":["https:\/\/www.facebook.com\/recicladoslared","https:\/\/x.com\/RecicladosLaRed","https:\/\/es.linkedin.com\/company\/reciclados-la-red---reciclados-pl-sticos-serva"]},{"@type":"Person","@id":"https:\/\/www.recicladoslared.es\/#\/schema\/person\/d02916350ad909e72d0618f999f0048c","name":"webmasterMT","url":"https:\/\/www.recicladoslared.es\/index.php\/author\/webmastermt\/"}]}},"_links":{"self":[{"href":"https:\/\/www.recicladoslared.es\/index.php\/wp-json\/wp\/v2\/posts\/1827","targetHints":{"allow":["GET"]}}],"collection":[{"href":"https:\/\/www.recicladoslared.es\/index.php\/wp-json\/wp\/v2\/posts"}],"about":[{"href":"https:\/\/www.recicladoslared.es\/index.php\/wp-json\/wp\/v2\/types\/post"}],"author":[{"embeddable":true,"href":"https:\/\/www.recicladoslared.es\/index.php\/wp-json\/wp\/v2\/users\/2"}],"replies":[{"embeddable":true,"href":"https:\/\/www.recicladoslared.es\/index.php\/wp-json\/wp\/v2\/comments?post=1827"}],"version-history":[{"count":5,"href":"https:\/\/www.recicladoslared.es\/index.php\/wp-json\/wp\/v2\/posts\/1827\/revisions"}],"predecessor-version":[{"id":1839,"href":"https:\/\/www.recicladoslared.es\/index.php\/wp-json\/wp\/v2\/posts\/1827\/revisions\/1839"}],"wp:featuredmedia":[{"embeddable":true,"href":"https:\/\/www.recicladoslared.es\/index.php\/wp-json\/wp\/v2\/media\/1833"}],"wp:attachment":[{"href":"https:\/\/www.recicladoslared.es\/index.php\/wp-json\/wp\/v2\/media?parent=1827"}],"wp:term":[{"taxonomy":"category","embeddable":true,"href":"https:\/\/www.recicladoslared.es\/index.php\/wp-json\/wp\/v2\/categories?post=1827"},{"taxonomy":"post_tag","embeddable":true,"href":"https:\/\/www.recicladoslared.es\/index.php\/wp-json\/wp\/v2\/tags?post=1827"}],"curies":[{"name":"wp","href":"https:\/\/api.w.org\/{rel}","templated":true}]}}