{"id":1931,"date":"2025-10-15T11:31:08","date_gmt":"2025-10-15T11:31:08","guid":{"rendered":"https:\/\/www.recicladoslared.es\/?p=1931"},"modified":"2025-10-15T11:31:08","modified_gmt":"2025-10-15T11:31:08","slug":"economia-circular-bolsas-purio-plastico-reciclado","status":"publish","type":"post","link":"https:\/\/www.recicladoslared.es\/index.php\/economia-circular-bolsas-purio-plastico-reciclado\/","title":{"rendered":"Econom\u00eda circular en acci\u00f3n: bolsas Purio con pl\u00e1stico reciclado"},"content":{"rendered":"<h3>Proyecto Purio<\/h3>\n<p>La econom\u00eda circular deja de ser una teor\u00eda para convertirse en una realidad tangible con el proyecto <strong>Purio de <a href=\"https:\/\/www.linkedin.com\/company\/lidl-espana\/\">Lidl Espa\u00f1a<\/a><\/strong>. El 9 de octubre de 2025, Lidl Espa\u00f1a present\u00f3 un innovador proyecto de econom\u00eda circular: transformar el film pl\u00e1stico transparente de sus pal\u00e9s en seis referencias de bolsas de basura Purio. Estas bolsas, con capacidades de 10 a 100 litros y entre un 20% y un 50% de contenido reciclado, ya est\u00e1n disponibles en m\u00e1s de 700 tiendas. El resultado son productos \u00fatiles para el consumidor que nacen de un residuo interno y que cuentan con certificaci\u00f3n de econom\u00eda circular de AENOR, garantizando trazabilidad y veracidad en el contenido reciclado.<\/p>\n<p>El proyecto se sostiene sobre una cadena de valor bien definida y completamente nacional. Lidl separa y compacta el film en sus tiendas y plataformas log\u00edsticas, asegurando que el material llegue limpio y homog\u00e9neo. En <strong>Reciclados La Red by Veolia<\/strong>, recibimos este material y lo somete a un proceso de lavado, clasificaci\u00f3n y peletizado, transform\u00e1ndolo en granza reciclada de alta calidad. <a href=\"https:\/\/www.linkedin.com\/company\/sphere-spain\/posts\/?feedView=all\"><strong>Sphere Espa\u00f1a<\/strong><\/a>, desde su planta en Pedrola (Zaragoza), utiliza esta granza para fabricar las bolsas Purio mediante procesos de extrusi\u00f3n y soplado, antes de distribuirlas nuevamente a las tiendas Lidl.<\/p>\n<p>Este proyecto es el primero en Espa\u00f1a en obtener la <strong>certificaci\u00f3n de econom\u00eda circular de AENOR<\/strong> para un producto de marca propia. La certificaci\u00f3n garantiza la trazabilidad desde el residuo hasta el producto final y verifica el contenido reciclado.<\/p>\n<h3>Impacto y cifras clave<\/h3>\n<ul>\n<li>M\u00e1s de 1.500 toneladas de pl\u00e1stico recicladas.<\/li>\n<li>Previsi\u00f3n de 16 millones de bolsas comercializadas hasta finales de 2026.<\/li>\n<li>Seis referencias con capacidades de 10 a 100 litros.<\/li>\n<li>Contenido reciclado entre el 20% y el 50%.<\/li>\n<\/ul>\n<h3>\u00a0Proceso operativo<\/h3>\n<p><img loading=\"lazy\" decoding=\"async\" class=\"aligncenter  wp-image-1933\" src=\"https:\/\/www.recicladoslared.es\/wp-content\/uploads\/2025\/10\/Titulo-optimizado-visual-selection-1.png\" alt=\"\" width=\"776\" height=\"420\" srcset=\"https:\/\/www.recicladoslared.es\/wp-content\/uploads\/2025\/10\/Titulo-optimizado-visual-selection-1.png 776w, https:\/\/www.recicladoslared.es\/wp-content\/uploads\/2025\/10\/Titulo-optimizado-visual-selection-1-480x260.png 480w\" sizes=\"(min-width: 0px) and (max-width: 480px) 480px, (min-width: 481px) 776px, 100vw\" \/><\/p>\n<p>Este modelo \u201cresiduo propio cierra el c\u00edrculo dentro del pa\u00eds y facilita la trazabilidad completa del flujo, desde el origen del residuo hasta el producto final en el lineal. Adem\u00e1s, demuestra que la colaboraci\u00f3n entre empresas con roles complementarios puede generar soluciones sostenibles y escalables. Lidl aporta el residuo y la log\u00edstica inversa, Reciclados La Red by Veolia garantiza la transformaci\u00f3n industrial con calidad y trazabilidad, y Sphere Espa\u00f1a convierte la materia prima reciclada en un producto final que cumple con las exigencias mec\u00e1nicas y de resistencia necesarias.<\/p>\n<p>Aunque el contenido reciclado no es total debido a requisitos t\u00e9cnicos, el proyecto representa un avance significativo en la reducci\u00f3n del uso de pl\u00e1stico virgen y en la valorizaci\u00f3n de residuos internos. Es un ejemplo claro de c\u00f3mo la econom\u00eda circular puede integrarse en la operativa diaria de grandes empresas, generando beneficios ambientales y ofreciendo al consumidor productos responsables.<\/p>\n","protected":false},"excerpt":{"rendered":"<p>Proyecto Purio La econom\u00eda circular deja de ser una teor\u00eda para convertirse en una realidad tangible con el proyecto Purio de Lidl Espa\u00f1a. El 9 de octubre de 2025, Lidl Espa\u00f1a present\u00f3 un innovador proyecto de econom\u00eda circular: transformar el film pl\u00e1stico transparente de sus pal\u00e9s en seis referencias de bolsas de basura Purio. Estas [&hellip;]<\/p>\n","protected":false},"author":2,"featured_media":1934,"comment_status":"closed","ping_status":"closed","sticky":false,"template":"","format":"standard","meta":{"_et_pb_use_builder":"","_et_pb_old_content":"","_et_gb_content_width":"","footnotes":""},"categories":[140,194,81,138],"tags":[253,60,62,255,257],"class_list":["post-1931","post","type-post","status-publish","format-standard","has-post-thumbnail","hentry","category-innovacion","category-plastico-reciclado","category-reciclaje","category-sostenibilidad","tag-bolsas-purio","tag-economia-circular","tag-plastico-reciclado","tag-reciclaje-ldpe","tag-trazabilidad-aenor"],"yoast_head":"<!-- This site is optimized with the Yoast SEO plugin v24.9 - https:\/\/yoast.com\/wordpress\/plugins\/seo\/ -->\n<title>Econom\u00eda circular en acci\u00f3n: bolsas Purio con pl\u00e1stico reciclado - Reciclados LA RED<\/title>\n<meta name=\"description\" content=\"Lidl y Reciclados La Red by Veolia impulsan bolsas Purio con pl\u00e1stico reciclado, certificadas por AENOR, cerrando el c\u00edrculo de la econom\u00eda circular.\" \/>\n<meta name=\"robots\" content=\"index, follow, max-snippet:-1, max-image-preview:large, max-video-preview:-1\" \/>\n<link rel=\"canonical\" href=\"https:\/\/www.recicladoslared.es\/index.php\/economia-circular-bolsas-purio-plastico-reciclado\/\" \/>\n<meta property=\"og:locale\" content=\"es_ES\" \/>\n<meta property=\"og:type\" content=\"article\" \/>\n<meta property=\"og:title\" content=\"Econom\u00eda circular en acci\u00f3n: bolsas Purio con pl\u00e1stico reciclado - Reciclados LA RED\" \/>\n<meta property=\"og:description\" content=\"Lidl y Reciclados La Red by Veolia impulsan bolsas Purio con pl\u00e1stico reciclado, certificadas por AENOR, cerrando el c\u00edrculo de la econom\u00eda circular.\" \/>\n<meta property=\"og:url\" content=\"https:\/\/www.recicladoslared.es\/index.php\/economia-circular-bolsas-purio-plastico-reciclado\/\" \/>\n<meta property=\"og:site_name\" content=\"Reciclados LA RED\" \/>\n<meta property=\"article:publisher\" content=\"https:\/\/www.facebook.com\/recicladoslared\" \/>\n<meta property=\"article:published_time\" content=\"2025-10-15T11:31:08+00:00\" \/>\n<meta property=\"og:image\" content=\"https:\/\/www.recicladoslared.es\/wp-content\/uploads\/2025\/10\/bolsas-lidl-con-material-plastico-reciclado-que-ya-se-comercializan.webp\" \/>\n\t<meta property=\"og:image:width\" content=\"990\" \/>\n\t<meta property=\"og:image:height\" content=\"556\" \/>\n\t<meta property=\"og:image:type\" content=\"image\/webp\" \/>\n<meta name=\"author\" content=\"webmasterMT\" \/>\n<meta name=\"twitter:card\" content=\"summary_large_image\" \/>\n<meta name=\"twitter:creator\" content=\"@RecicladosLaRed\" \/>\n<meta name=\"twitter:site\" content=\"@RecicladosLaRed\" \/>\n<meta name=\"twitter:label1\" content=\"Escrito por\" \/>\n\t<meta name=\"twitter:data1\" content=\"webmasterMT\" \/>\n\t<meta name=\"twitter:label2\" content=\"Tiempo de lectura\" \/>\n\t<meta name=\"twitter:data2\" content=\"3 minutos\" \/>\n<script type=\"application\/ld+json\" class=\"yoast-schema-graph\">{\"@context\":\"https:\/\/schema.org\",\"@graph\":[{\"@type\":\"Article\",\"@id\":\"https:\/\/www.recicladoslared.es\/index.php\/economia-circular-bolsas-purio-plastico-reciclado\/#article\",\"isPartOf\":{\"@id\":\"https:\/\/www.recicladoslared.es\/index.php\/economia-circular-bolsas-purio-plastico-reciclado\/\"},\"author\":{\"name\":\"webmasterMT\",\"@id\":\"https:\/\/www.recicladoslared.es\/#\/schema\/person\/d02916350ad909e72d0618f999f0048c\"},\"headline\":\"Econom\u00eda circular en acci\u00f3n: bolsas Purio con pl\u00e1stico reciclado\",\"datePublished\":\"2025-10-15T11:31:08+00:00\",\"mainEntityOfPage\":{\"@id\":\"https:\/\/www.recicladoslared.es\/index.php\/economia-circular-bolsas-purio-plastico-reciclado\/\"},\"wordCount\":467,\"publisher\":{\"@id\":\"https:\/\/www.recicladoslared.es\/#organization\"},\"image\":{\"@id\":\"https:\/\/www.recicladoslared.es\/index.php\/economia-circular-bolsas-purio-plastico-reciclado\/#primaryimage\"},\"thumbnailUrl\":\"https:\/\/www.recicladoslared.es\/wp-content\/uploads\/2025\/10\/bolsas-lidl-con-material-plastico-reciclado-que-ya-se-comercializan.webp\",\"keywords\":[\"bolsas Purio\",\"econom\u00eda circular\",\"pl\u00e1stico reciclado\",\"reciclaje LDPE\",\"trazabilidad AENOR\"],\"articleSection\":[\"Innovaci\u00f3n\",\"pl\u00e1stico reciclado\",\"Reciclaje\",\"Sostenibilidad\"],\"inLanguage\":\"es\"},{\"@type\":\"WebPage\",\"@id\":\"https:\/\/www.recicladoslared.es\/index.php\/economia-circular-bolsas-purio-plastico-reciclado\/\",\"url\":\"https:\/\/www.recicladoslared.es\/index.php\/economia-circular-bolsas-purio-plastico-reciclado\/\",\"name\":\"Econom\u00eda circular en acci\u00f3n: bolsas Purio con pl\u00e1stico reciclado - Reciclados LA RED\",\"isPartOf\":{\"@id\":\"https:\/\/www.recicladoslared.es\/#website\"},\"primaryImageOfPage\":{\"@id\":\"https:\/\/www.recicladoslared.es\/index.php\/economia-circular-bolsas-purio-plastico-reciclado\/#primaryimage\"},\"image\":{\"@id\":\"https:\/\/www.recicladoslared.es\/index.php\/economia-circular-bolsas-purio-plastico-reciclado\/#primaryimage\"},\"thumbnailUrl\":\"https:\/\/www.recicladoslared.es\/wp-content\/uploads\/2025\/10\/bolsas-lidl-con-material-plastico-reciclado-que-ya-se-comercializan.webp\",\"datePublished\":\"2025-10-15T11:31:08+00:00\",\"description\":\"Lidl y Reciclados La Red by Veolia impulsan bolsas Purio con pl\u00e1stico reciclado, certificadas por AENOR, cerrando el c\u00edrculo de la econom\u00eda circular.\",\"breadcrumb\":{\"@id\":\"https:\/\/www.recicladoslared.es\/index.php\/economia-circular-bolsas-purio-plastico-reciclado\/#breadcrumb\"},\"inLanguage\":\"es\",\"potentialAction\":[{\"@type\":\"ReadAction\",\"target\":[\"https:\/\/www.recicladoslared.es\/index.php\/economia-circular-bolsas-purio-plastico-reciclado\/\"]}]},{\"@type\":\"ImageObject\",\"inLanguage\":\"es\",\"@id\":\"https:\/\/www.recicladoslared.es\/index.php\/economia-circular-bolsas-purio-plastico-reciclado\/#primaryimage\",\"url\":\"https:\/\/www.recicladoslared.es\/wp-content\/uploads\/2025\/10\/bolsas-lidl-con-material-plastico-reciclado-que-ya-se-comercializan.webp\",\"contentUrl\":\"https:\/\/www.recicladoslared.es\/wp-content\/uploads\/2025\/10\/bolsas-lidl-con-material-plastico-reciclado-que-ya-se-comercializan.webp\",\"width\":990,\"height\":556},{\"@type\":\"BreadcrumbList\",\"@id\":\"https:\/\/www.recicladoslared.es\/index.php\/economia-circular-bolsas-purio-plastico-reciclado\/#breadcrumb\",\"itemListElement\":[{\"@type\":\"ListItem\",\"position\":1,\"name\":\"Portada\",\"item\":\"https:\/\/www.recicladoslared.es\/\"},{\"@type\":\"ListItem\",\"position\":2,\"name\":\"Econom\u00eda circular en acci\u00f3n: bolsas Purio con pl\u00e1stico reciclado\"}]},{\"@type\":\"WebSite\",\"@id\":\"https:\/\/www.recicladoslared.es\/#website\",\"url\":\"https:\/\/www.recicladoslared.es\/\",\"name\":\"Reciclados La Red\",\"description\":\"Planta de reciclaje de pl\u00e1stico y venta de pl\u00e1stico reciclado\",\"publisher\":{\"@id\":\"https:\/\/www.recicladoslared.es\/#organization\"},\"potentialAction\":[{\"@type\":\"SearchAction\",\"target\":{\"@type\":\"EntryPoint\",\"urlTemplate\":\"https:\/\/www.recicladoslared.es\/?s={search_term_string}\"},\"query-input\":{\"@type\":\"PropertyValueSpecification\",\"valueRequired\":true,\"valueName\":\"search_term_string\"}}],\"inLanguage\":\"es\"},{\"@type\":\"Organization\",\"@id\":\"https:\/\/www.recicladoslared.es\/#organization\",\"name\":\"Reciclados La Red\",\"url\":\"https:\/\/www.recicladoslared.es\/\",\"logo\":{\"@type\":\"ImageObject\",\"inLanguage\":\"es\",\"@id\":\"https:\/\/www.recicladoslared.es\/#\/schema\/logo\/image\/\",\"url\":\"https:\/\/www.recicladoslared.es\/wp-content\/uploads\/2023\/05\/Logo-La-Red-Transpa-2.png\",\"contentUrl\":\"https:\/\/www.recicladoslared.es\/wp-content\/uploads\/2023\/05\/Logo-La-Red-Transpa-2.png\",\"width\":600,\"height\":400,\"caption\":\"Reciclados La Red\"},\"image\":{\"@id\":\"https:\/\/www.recicladoslared.es\/#\/schema\/logo\/image\/\"},\"sameAs\":[\"https:\/\/www.facebook.com\/recicladoslared\",\"https:\/\/x.com\/RecicladosLaRed\",\"https:\/\/es.linkedin.com\/company\/reciclados-la-red---reciclados-pl-sticos-serva\"]},{\"@type\":\"Person\",\"@id\":\"https:\/\/www.recicladoslared.es\/#\/schema\/person\/d02916350ad909e72d0618f999f0048c\",\"name\":\"webmasterMT\",\"url\":\"https:\/\/www.recicladoslared.es\/index.php\/author\/webmastermt\/\"}]}<\/script>\n<!-- \/ Yoast SEO plugin. -->","yoast_head_json":{"title":"Econom\u00eda circular en acci\u00f3n: bolsas Purio con pl\u00e1stico reciclado - Reciclados LA RED","description":"Lidl y Reciclados La Red by Veolia impulsan bolsas Purio con pl\u00e1stico reciclado, certificadas por AENOR, cerrando el c\u00edrculo de la econom\u00eda circular.","robots":{"index":"index","follow":"follow","max-snippet":"max-snippet:-1","max-image-preview":"max-image-preview:large","max-video-preview":"max-video-preview:-1"},"canonical":"https:\/\/www.recicladoslared.es\/index.php\/economia-circular-bolsas-purio-plastico-reciclado\/","og_locale":"es_ES","og_type":"article","og_title":"Econom\u00eda circular en acci\u00f3n: bolsas Purio con pl\u00e1stico reciclado - Reciclados LA RED","og_description":"Lidl y Reciclados La Red by Veolia impulsan bolsas Purio con pl\u00e1stico reciclado, certificadas por AENOR, cerrando el c\u00edrculo de la econom\u00eda circular.","og_url":"https:\/\/www.recicladoslared.es\/index.php\/economia-circular-bolsas-purio-plastico-reciclado\/","og_site_name":"Reciclados LA RED","article_publisher":"https:\/\/www.facebook.com\/recicladoslared","article_published_time":"2025-10-15T11:31:08+00:00","og_image":[{"width":990,"height":556,"url":"https:\/\/www.recicladoslared.es\/wp-content\/uploads\/2025\/10\/bolsas-lidl-con-material-plastico-reciclado-que-ya-se-comercializan.webp","type":"image\/webp"}],"author":"webmasterMT","twitter_card":"summary_large_image","twitter_creator":"@RecicladosLaRed","twitter_site":"@RecicladosLaRed","twitter_misc":{"Escrito por":"webmasterMT","Tiempo de lectura":"3 minutos"},"schema":{"@context":"https:\/\/schema.org","@graph":[{"@type":"Article","@id":"https:\/\/www.recicladoslared.es\/index.php\/economia-circular-bolsas-purio-plastico-reciclado\/#article","isPartOf":{"@id":"https:\/\/www.recicladoslared.es\/index.php\/economia-circular-bolsas-purio-plastico-reciclado\/"},"author":{"name":"webmasterMT","@id":"https:\/\/www.recicladoslared.es\/#\/schema\/person\/d02916350ad909e72d0618f999f0048c"},"headline":"Econom\u00eda circular en acci\u00f3n: bolsas Purio con pl\u00e1stico reciclado","datePublished":"2025-10-15T11:31:08+00:00","mainEntityOfPage":{"@id":"https:\/\/www.recicladoslared.es\/index.php\/economia-circular-bolsas-purio-plastico-reciclado\/"},"wordCount":467,"publisher":{"@id":"https:\/\/www.recicladoslared.es\/#organization"},"image":{"@id":"https:\/\/www.recicladoslared.es\/index.php\/economia-circular-bolsas-purio-plastico-reciclado\/#primaryimage"},"thumbnailUrl":"https:\/\/www.recicladoslared.es\/wp-content\/uploads\/2025\/10\/bolsas-lidl-con-material-plastico-reciclado-que-ya-se-comercializan.webp","keywords":["bolsas Purio","econom\u00eda circular","pl\u00e1stico reciclado","reciclaje LDPE","trazabilidad AENOR"],"articleSection":["Innovaci\u00f3n","pl\u00e1stico reciclado","Reciclaje","Sostenibilidad"],"inLanguage":"es"},{"@type":"WebPage","@id":"https:\/\/www.recicladoslared.es\/index.php\/economia-circular-bolsas-purio-plastico-reciclado\/","url":"https:\/\/www.recicladoslared.es\/index.php\/economia-circular-bolsas-purio-plastico-reciclado\/","name":"Econom\u00eda circular en acci\u00f3n: bolsas Purio con pl\u00e1stico reciclado - Reciclados LA RED","isPartOf":{"@id":"https:\/\/www.recicladoslared.es\/#website"},"primaryImageOfPage":{"@id":"https:\/\/www.recicladoslared.es\/index.php\/economia-circular-bolsas-purio-plastico-reciclado\/#primaryimage"},"image":{"@id":"https:\/\/www.recicladoslared.es\/index.php\/economia-circular-bolsas-purio-plastico-reciclado\/#primaryimage"},"thumbnailUrl":"https:\/\/www.recicladoslared.es\/wp-content\/uploads\/2025\/10\/bolsas-lidl-con-material-plastico-reciclado-que-ya-se-comercializan.webp","datePublished":"2025-10-15T11:31:08+00:00","description":"Lidl y Reciclados La Red by Veolia impulsan bolsas Purio con pl\u00e1stico reciclado, certificadas por AENOR, cerrando el c\u00edrculo de la econom\u00eda circular.","breadcrumb":{"@id":"https:\/\/www.recicladoslared.es\/index.php\/economia-circular-bolsas-purio-plastico-reciclado\/#breadcrumb"},"inLanguage":"es","potentialAction":[{"@type":"ReadAction","target":["https:\/\/www.recicladoslared.es\/index.php\/economia-circular-bolsas-purio-plastico-reciclado\/"]}]},{"@type":"ImageObject","inLanguage":"es","@id":"https:\/\/www.recicladoslared.es\/index.php\/economia-circular-bolsas-purio-plastico-reciclado\/#primaryimage","url":"https:\/\/www.recicladoslared.es\/wp-content\/uploads\/2025\/10\/bolsas-lidl-con-material-plastico-reciclado-que-ya-se-comercializan.webp","contentUrl":"https:\/\/www.recicladoslared.es\/wp-content\/uploads\/2025\/10\/bolsas-lidl-con-material-plastico-reciclado-que-ya-se-comercializan.webp","width":990,"height":556},{"@type":"BreadcrumbList","@id":"https:\/\/www.recicladoslared.es\/index.php\/economia-circular-bolsas-purio-plastico-reciclado\/#breadcrumb","itemListElement":[{"@type":"ListItem","position":1,"name":"Portada","item":"https:\/\/www.recicladoslared.es\/"},{"@type":"ListItem","position":2,"name":"Econom\u00eda circular en acci\u00f3n: bolsas Purio con pl\u00e1stico reciclado"}]},{"@type":"WebSite","@id":"https:\/\/www.recicladoslared.es\/#website","url":"https:\/\/www.recicladoslared.es\/","name":"Reciclados La Red","description":"Planta de reciclaje de pl\u00e1stico y venta de pl\u00e1stico reciclado","publisher":{"@id":"https:\/\/www.recicladoslared.es\/#organization"},"potentialAction":[{"@type":"SearchAction","target":{"@type":"EntryPoint","urlTemplate":"https:\/\/www.recicladoslared.es\/?s={search_term_string}"},"query-input":{"@type":"PropertyValueSpecification","valueRequired":true,"valueName":"search_term_string"}}],"inLanguage":"es"},{"@type":"Organization","@id":"https:\/\/www.recicladoslared.es\/#organization","name":"Reciclados La Red","url":"https:\/\/www.recicladoslared.es\/","logo":{"@type":"ImageObject","inLanguage":"es","@id":"https:\/\/www.recicladoslared.es\/#\/schema\/logo\/image\/","url":"https:\/\/www.recicladoslared.es\/wp-content\/uploads\/2023\/05\/Logo-La-Red-Transpa-2.png","contentUrl":"https:\/\/www.recicladoslared.es\/wp-content\/uploads\/2023\/05\/Logo-La-Red-Transpa-2.png","width":600,"height":400,"caption":"Reciclados La Red"},"image":{"@id":"https:\/\/www.recicladoslared.es\/#\/schema\/logo\/image\/"},"sameAs":["https:\/\/www.facebook.com\/recicladoslared","https:\/\/x.com\/RecicladosLaRed","https:\/\/es.linkedin.com\/company\/reciclados-la-red---reciclados-pl-sticos-serva"]},{"@type":"Person","@id":"https:\/\/www.recicladoslared.es\/#\/schema\/person\/d02916350ad909e72d0618f999f0048c","name":"webmasterMT","url":"https:\/\/www.recicladoslared.es\/index.php\/author\/webmastermt\/"}]}},"_links":{"self":[{"href":"https:\/\/www.recicladoslared.es\/index.php\/wp-json\/wp\/v2\/posts\/1931","targetHints":{"allow":["GET"]}}],"collection":[{"href":"https:\/\/www.recicladoslared.es\/index.php\/wp-json\/wp\/v2\/posts"}],"about":[{"href":"https:\/\/www.recicladoslared.es\/index.php\/wp-json\/wp\/v2\/types\/post"}],"author":[{"embeddable":true,"href":"https:\/\/www.recicladoslared.es\/index.php\/wp-json\/wp\/v2\/users\/2"}],"replies":[{"embeddable":true,"href":"https:\/\/www.recicladoslared.es\/index.php\/wp-json\/wp\/v2\/comments?post=1931"}],"version-history":[{"count":1,"href":"https:\/\/www.recicladoslared.es\/index.php\/wp-json\/wp\/v2\/posts\/1931\/revisions"}],"predecessor-version":[{"id":1935,"href":"https:\/\/www.recicladoslared.es\/index.php\/wp-json\/wp\/v2\/posts\/1931\/revisions\/1935"}],"wp:featuredmedia":[{"embeddable":true,"href":"https:\/\/www.recicladoslared.es\/index.php\/wp-json\/wp\/v2\/media\/1934"}],"wp:attachment":[{"href":"https:\/\/www.recicladoslared.es\/index.php\/wp-json\/wp\/v2\/media?parent=1931"}],"wp:term":[{"taxonomy":"category","embeddable":true,"href":"https:\/\/www.recicladoslared.es\/index.php\/wp-json\/wp\/v2\/categories?post=1931"},{"taxonomy":"post_tag","embeddable":true,"href":"https:\/\/www.recicladoslared.es\/index.php\/wp-json\/wp\/v2\/tags?post=1931"}],"curies":[{"name":"wp","href":"https:\/\/api.w.org\/{rel}","templated":true}]}}